{"id":5475,"date":"2024-05-13T20:13:07","date_gmt":"2024-05-13T20:13:07","guid":{"rendered":"https:\/\/www.nlighten.com\/?p=5475"},"modified":"2025-10-08T10:46:53","modified_gmt":"2025-10-08T10:46:53","slug":"nlighten-setend-en-europe","status":"publish","type":"post","link":"https:\/\/www.nlighten.com\/fr\/communiques-de-presse\/nlighten-setend-en-europe\/","title":{"rendered":"nLighten s&rsquo;\u00e9tend en Europe"},"content":{"rendered":"\t\t<div data-elementor-type=\"wp-post\" data-elementor-id=\"5475\" class=\"elementor elementor-5475 elementor-5376\" data-elementor-post-type=\"post\">\n\t\t\t\t<div class=\"elementor-element elementor-element-0336fd2 e-flex e-con-boxed e-con e-parent\" data-id=\"0336fd2\" data-element_type=\"container\" data-e-type=\"container\">\n\t\t\t\t\t<div class=\"e-con-inner\">\n\t\t\t\t<div class=\"elementor-element elementor-element-5201063 elementor-widget elementor-widget-heading\" data-id=\"5201063\" data-element_type=\"widget\" data-e-type=\"widget\" data-widget_type=\"heading.default\">\n\t\t\t\t<div class=\"elementor-widget-container\">\n\t\t\t\t\t<h2 class=\"elementor-heading-title elementor-size-default\">Communiqu\u00e9 de presse<\/h2>\t\t\t\t<\/div>\n\t\t\t\t<\/div>\n\t\t\t\t<div class=\"elementor-element elementor-element-c907cc3 elementor-widget elementor-widget-theme-post-title elementor-page-title elementor-widget-heading\" data-id=\"c907cc3\" data-element_type=\"widget\" data-e-type=\"widget\" data-widget_type=\"theme-post-title.default\">\n\t\t\t\t<div class=\"elementor-widget-container\">\n\t\t\t\t\t<h1 class=\"elementor-heading-title elementor-size-default\">nLighten s&rsquo;\u00e9tend en Europe<\/h1>\t\t\t\t<\/div>\n\t\t\t\t<\/div>\n\t\t\t\t<div class=\"elementor-element elementor-element-5bbdd98 elementor-widget elementor-widget-text-editor\" data-id=\"5bbdd98\" data-element_type=\"widget\" data-e-type=\"widget\" data-widget_type=\"text-editor.default\">\n\t\t\t\t<div class=\"elementor-widget-container\">\n\t\t\t\t\t\t\t\t\t<p>L&rsquo;acquisition strat\u00e9gique de sept centres de donn\u00e9es de pointe aupr\u00e8s d&rsquo;EXA Infrastructure ouvrira de nouveaux march\u00e9s \u00e0 nLighten en Belgique, en Suisse et en Espagne et \u00e9tendra sa pr\u00e9sence en France, au Royaume-Uni et aux Pays-Bas.<\/p>\n\t\t\t\t\t\t\t\t<\/div>\n\t\t\t\t<\/div>\n\t\t\t\t<div class=\"elementor-element elementor-element-29c9137 elementor-widget elementor-widget-image\" data-id=\"29c9137\" data-element_type=\"widget\" data-e-type=\"widget\" data-widget_type=\"image.default\">\n\t\t\t\t<div class=\"elementor-widget-container\">\n\t\t\t\t\t\t\t\t\t\t\t\t\t\t\t<img fetchpriority=\"high\" decoding=\"async\" width=\"900\" height=\"460\" src=\"https:\/\/www.nlighten.com\/wp-content\/uploads\/2024\/05\/660d6b99a3dc8107ab14f4df_PR-Europa.webp\" class=\"attachment-large size-large wp-image-5448\" alt=\"Map of Europe\" srcset=\"https:\/\/www.nlighten.com\/wp-content\/uploads\/2024\/05\/660d6b99a3dc8107ab14f4df_PR-Europa.webp 920w, https:\/\/www.nlighten.com\/wp-content\/uploads\/2024\/05\/660d6b99a3dc8107ab14f4df_PR-Europa-300x153.webp 300w, https:\/\/www.nlighten.com\/wp-content\/uploads\/2024\/05\/660d6b99a3dc8107ab14f4df_PR-Europa-768x392.webp 768w\" sizes=\"(max-width: 900px) 100vw, 900px\" \/>\t\t\t\t\t\t\t\t\t\t\t\t\t\t\t<\/div>\n\t\t\t\t<\/div>\n\t\t\t\t<div class=\"elementor-element elementor-element-8bd5f1f elementor-widget elementor-widget-text-editor\" data-id=\"8bd5f1f\" data-element_type=\"widget\" data-e-type=\"widget\" data-widget_type=\"text-editor.default\">\n\t\t\t\t<div class=\"elementor-widget-container\">\n\t\t\t\t\t\t\t\t\t<p><strong>Amsterdam, 04.04.2024<\/strong> &#8211; nLighten, plateforme d&rsquo;infrastructure num\u00e9rique, a annonc\u00e9 aujourd&rsquo;hui l&rsquo;acquisition strat\u00e9gique de sept centres de donn\u00e9es de pointe aupr\u00e8s d&rsquo;EXA Infrastructure. Cette d\u00e9marche strat\u00e9gique renforce la position de nLighten en tant que pr\u00e9curseur sur le march\u00e9 europ\u00e9en des centres de donn\u00e9es et continue de d\u00e9velopper sa plateforme et ses offres de services sur le continent. Quant \u00e0 EXA Infrastructure, la transaction lui permet de se concentrer sur son vaste r\u00e9seau de fibres terrestres et sous-marines, dont elle est propri\u00e9taire, et de continuer \u00e0 investir dans l&rsquo;infrastructure. nLighten et EXA sont des soci\u00e9t\u00e9s du portefeuille de I Squared Capital, un investisseur ind\u00e9pendant de premier plan dans le domaine de l&rsquo;infrastructure \u00e0 l&rsquo;\u00e9chelle mondiale.   <\/p>\n<p>L&rsquo;acquisition de ces sept centres de donn\u00e9es de pointe permettra \u00e0 nLighten d&rsquo;\u00e9tendre sa pr\u00e9sence europ\u00e9enne \u00e0 la Belgique, \u00e0 la Suisse et \u00e0 l&rsquo;Espagne. Elle ajoute \u00e9galement des sites sur les march\u00e9s existants de nLighten, notamment l&rsquo;Allemagne, la France, le Royaume-Uni et les Pays-Bas. Cette expansion porte le nombre total de centres de donn\u00e9es p\u00e9riph\u00e9riques de nLighten \u00e0 34 en Europe, y compris les principaux centres d&rsquo;affaires d&rsquo;Amsterdam, Londres, Paris, Madrid, Gen\u00e8ve, Zurich et Gand.  <\/p>\n<p>Cette expansion permet \u00e0 nLighten de fournir \u00e0 ses clients un nouveau niveau de soutien \u00e0 travers le continent gr\u00e2ce \u00e0 un r\u00e9seau qui assure un traitement des donn\u00e9es \u00e0 faible latence et des d\u00e9ploiements g\u00e9ographiquement distribu\u00e9s pour une continuit\u00e9 et une \u00e9volutivit\u00e9 optimales de l&rsquo;entreprise, quelles que soient leurs applications sp\u00e9cifiques.<\/p>\n\t\t\t\t\t\t\t\t<\/div>\n\t\t\t\t<\/div>\n\t\t\t\t<div class=\"elementor-element elementor-element-97092a6 elementor-widget elementor-widget-heading\" data-id=\"97092a6\" data-element_type=\"widget\" data-e-type=\"widget\" data-widget_type=\"heading.default\">\n\t\t\t\t<div class=\"elementor-widget-container\">\n\t\t\t\t\t<h2 class=\"elementor-heading-title elementor-size-default\">L'accent mis sur l'autonomisation des clients.<\/h2>\t\t\t\t<\/div>\n\t\t\t\t<\/div>\n\t\t\t\t<div class=\"elementor-element elementor-element-f0d15fd elementor-widget elementor-widget-text-editor\" data-id=\"f0d15fd\" data-element_type=\"widget\" data-e-type=\"widget\" data-widget_type=\"text-editor.default\">\n\t\t\t\t<div class=\"elementor-widget-container\">\n\t\t\t\t\t\t\t\t\t<p>\u00ab\u00a0Le paysage num\u00e9rique conna\u00eet une transformation rapide, notamment parce que la demande d&rsquo;intelligence artificielle continue de monter en fl\u00e8che dans tous les secteurs d&rsquo;activit\u00e9. Ce paysage dynamique offre de nombreuses opportunit\u00e9s pour l&rsquo;infrastructure num\u00e9rique, mais n\u00e9cessite \u00e9galement des solutions de centres de donn\u00e9es robustes et \u00e9volutives. En \u00e9largissant notre base op\u00e9rationnelle europ\u00e9enne, les clients de nLighten b\u00e9n\u00e9ficieront du portefeuille diversifi\u00e9 de nLighten, y compris une large gamme de services de colocation, de connectivit\u00e9 et de services sur site. Cette acquisition souligne l&rsquo;engagement de nLighten \u00e0 fournir aux entreprises europ\u00e9ennes des solutions de centre de donn\u00e9es de classe mondiale et nous rapproche de notre objectif de construire et d&rsquo;exploiter une plateforme de centre de donn\u00e9es de pointe en Europe \u00ab\u00a0, a d\u00e9clar\u00e9 Harro Beusker, cofondateur et PDG de nLighten. <\/p>\n<p>\u00ab\u00a0C&rsquo;est le d\u00e9but d&rsquo;une collaboration passionnante avec notre soci\u00e9t\u00e9 s\u0153ur, nLighten, alors que nous nous concentrons chacun sur nos comp\u00e9tences de base pour mieux remplir nos missions. La vente permet \u00e0 EXA Infrastructure de se concentrer exclusivement sur la construction et l&rsquo;exploitation de l&rsquo;infrastructure r\u00e9seau critique qui permet la croissance de nos clients\u00a0\u00bb, a comment\u00e9 Nick Collins, directeur commercial d&rsquo;EXA Infrastructure.<\/p>\n\t\t\t\t\t\t\t\t<\/div>\n\t\t\t\t<\/div>\n\t\t\t\t\t<\/div>\n\t\t\t\t<\/div>\n\t\t\t\t<\/div>\n\t\t","protected":false},"excerpt":{"rendered":"<p>Communiqu\u00e9 de presse L&rsquo;acquisition strat\u00e9gique de sept centres de donn\u00e9es de pointe aupr\u00e8s d&rsquo;EXA Infrastructure ouvrira de nouveaux march\u00e9s \u00e0 nLighten en Belgique, en Suisse et en Espagne et \u00e9tendra &#8230; <a title=\"nLighten s&rsquo;\u00e9tend en Europe\" class=\"read-more\" href=\"https:\/\/www.nlighten.com\/fr\/communiques-de-presse\/nlighten-setend-en-europe\/\" aria-label=\"En savoir plus sur nLighten s&rsquo;\u00e9tend en Europe\">Lire la suite<\/a><\/p>\n","protected":false},"author":2,"featured_media":0,"comment_status":"closed","ping_status":"closed","sticky":false,"template":"","format":"standard","meta":{"_acf_changed":false,"footnotes":""},"categories":[56],"tags":[],"class_list":["post-5475","post","type-post","status-publish","format-standard","hentry","category-press-release-fr"],"acf":[],"yoast_head":"<!-- This site is optimized with the Yoast SEO plugin v27.4 - https:\/\/yoast.com\/product\/yoast-seo-wordpress\/ -->\n<title>nLighten s&#039;\u00e9tend en Europe - nLighten<\/title>\n<meta name=\"description\" content=\"nLighten a annonc\u00e9 aujourd\u2019hui l\u2019acquisition strat\u00e9gique de sept centres de donn\u00e9es de pointe aupr\u00e8s d\u2019EXA Infrastructure.\" \/>\n<meta name=\"robots\" content=\"index, follow, max-snippet:-1, max-image-preview:large, max-video-preview:-1\" \/>\n<link rel=\"canonical\" href=\"https:\/\/www.nlighten.com\/fr\/communiques-de-presse\/nlighten-setend-en-europe\/\" \/>\n<meta property=\"og:locale\" content=\"fr_FR\" \/>\n<meta property=\"og:type\" content=\"article\" \/>\n<meta property=\"og:title\" content=\"nLighten s&#039;\u00e9tend en Europe - nLighten\" \/>\n<meta property=\"og:description\" content=\"nLighten a annonc\u00e9 aujourd\u2019hui l\u2019acquisition strat\u00e9gique de sept centres de donn\u00e9es de pointe aupr\u00e8s d\u2019EXA Infrastructure.\" \/>\n<meta property=\"og:url\" content=\"https:\/\/www.nlighten.com\/fr\/communiques-de-presse\/nlighten-setend-en-europe\/\" \/>\n<meta property=\"og:site_name\" content=\"nLighten\" \/>\n<meta property=\"article:published_time\" content=\"2024-05-13T20:13:07+00:00\" \/>\n<meta property=\"article:modified_time\" content=\"2025-10-08T10:46:53+00:00\" \/>\n<meta property=\"og:image\" content=\"https:\/\/www.nlighten.com\/wp-content\/uploads\/2024\/05\/660d6b99a3dc8107ab14f4df_PR-Europa.webp\" \/>\n<meta name=\"author\" content=\"BenW\" \/>\n<meta name=\"twitter:card\" content=\"summary_large_image\" \/>\n<meta name=\"twitter:label1\" content=\"\u00c9crit par\" \/>\n\t<meta name=\"twitter:data1\" content=\"BenW\" \/>\n\t<meta name=\"twitter:label2\" content=\"Dur\u00e9e de lecture estim\u00e9e\" \/>\n\t<meta name=\"twitter:data2\" content=\"3 minutes\" \/>\n<script type=\"application\/ld+json\" class=\"yoast-schema-graph\">{\"@context\":\"https:\\\/\\\/schema.org\",\"@graph\":[{\"@type\":\"Article\",\"@id\":\"https:\\\/\\\/www.nlighten.com\\\/fr\\\/communiques-de-presse\\\/nlighten-setend-en-europe\\\/#article\",\"isPartOf\":{\"@id\":\"https:\\\/\\\/www.nlighten.com\\\/fr\\\/communiques-de-presse\\\/nlighten-setend-en-europe\\\/\"},\"author\":{\"name\":\"BenW\",\"@id\":\"https:\\\/\\\/www.nlighten.com\\\/fr\\\/#\\\/schema\\\/person\\\/92d493fd46804f4724a5eeee6cc2dc4c\"},\"headline\":\"nLighten s&rsquo;\u00e9tend en Europe\",\"datePublished\":\"2024-05-13T20:13:07+00:00\",\"dateModified\":\"2025-10-08T10:46:53+00:00\",\"mainEntityOfPage\":{\"@id\":\"https:\\\/\\\/www.nlighten.com\\\/fr\\\/communiques-de-presse\\\/nlighten-setend-en-europe\\\/\"},\"wordCount\":544,\"publisher\":{\"@id\":\"https:\\\/\\\/www.nlighten.com\\\/fr\\\/#organization\"},\"image\":{\"@id\":\"https:\\\/\\\/www.nlighten.com\\\/fr\\\/communiques-de-presse\\\/nlighten-setend-en-europe\\\/#primaryimage\"},\"thumbnailUrl\":\"https:\\\/\\\/www.nlighten.com\\\/wp-content\\\/uploads\\\/2024\\\/05\\\/660d6b99a3dc8107ab14f4df_PR-Europa.webp\",\"articleSection\":[\"Press Release\"],\"inLanguage\":\"fr-FR\"},{\"@type\":\"WebPage\",\"@id\":\"https:\\\/\\\/www.nlighten.com\\\/fr\\\/communiques-de-presse\\\/nlighten-setend-en-europe\\\/\",\"url\":\"https:\\\/\\\/www.nlighten.com\\\/fr\\\/communiques-de-presse\\\/nlighten-setend-en-europe\\\/\",\"name\":\"nLighten s'\u00e9tend en Europe - nLighten\",\"isPartOf\":{\"@id\":\"https:\\\/\\\/www.nlighten.com\\\/fr\\\/#website\"},\"primaryImageOfPage\":{\"@id\":\"https:\\\/\\\/www.nlighten.com\\\/fr\\\/communiques-de-presse\\\/nlighten-setend-en-europe\\\/#primaryimage\"},\"image\":{\"@id\":\"https:\\\/\\\/www.nlighten.com\\\/fr\\\/communiques-de-presse\\\/nlighten-setend-en-europe\\\/#primaryimage\"},\"thumbnailUrl\":\"https:\\\/\\\/www.nlighten.com\\\/wp-content\\\/uploads\\\/2024\\\/05\\\/660d6b99a3dc8107ab14f4df_PR-Europa.webp\",\"datePublished\":\"2024-05-13T20:13:07+00:00\",\"dateModified\":\"2025-10-08T10:46:53+00:00\",\"description\":\"nLighten a annonc\u00e9 aujourd\u2019hui l\u2019acquisition strat\u00e9gique de sept centres de donn\u00e9es de pointe aupr\u00e8s d\u2019EXA Infrastructure.\",\"breadcrumb\":{\"@id\":\"https:\\\/\\\/www.nlighten.com\\\/fr\\\/communiques-de-presse\\\/nlighten-setend-en-europe\\\/#breadcrumb\"},\"inLanguage\":\"fr-FR\",\"potentialAction\":[{\"@type\":\"ReadAction\",\"target\":[\"https:\\\/\\\/www.nlighten.com\\\/fr\\\/communiques-de-presse\\\/nlighten-setend-en-europe\\\/\"]}]},{\"@type\":\"ImageObject\",\"inLanguage\":\"fr-FR\",\"@id\":\"https:\\\/\\\/www.nlighten.com\\\/fr\\\/communiques-de-presse\\\/nlighten-setend-en-europe\\\/#primaryimage\",\"url\":\"https:\\\/\\\/www.nlighten.com\\\/wp-content\\\/uploads\\\/2024\\\/05\\\/660d6b99a3dc8107ab14f4df_PR-Europa.webp\",\"contentUrl\":\"https:\\\/\\\/www.nlighten.com\\\/wp-content\\\/uploads\\\/2024\\\/05\\\/660d6b99a3dc8107ab14f4df_PR-Europa.webp\"},{\"@type\":\"BreadcrumbList\",\"@id\":\"https:\\\/\\\/www.nlighten.com\\\/fr\\\/communiques-de-presse\\\/nlighten-setend-en-europe\\\/#breadcrumb\",\"itemListElement\":[{\"@type\":\"ListItem\",\"position\":1,\"name\":\"Home\",\"item\":\"https:\\\/\\\/www.nlighten.com\\\/fr\\\/\"},{\"@type\":\"ListItem\",\"position\":2,\"name\":\"nLighten s&#8217;\u00e9tend en Europe\"}]},{\"@type\":\"WebSite\",\"@id\":\"https:\\\/\\\/www.nlighten.com\\\/fr\\\/#website\",\"url\":\"https:\\\/\\\/www.nlighten.com\\\/fr\\\/\",\"name\":\"nLighten\",\"description\":\"\",\"publisher\":{\"@id\":\"https:\\\/\\\/www.nlighten.com\\\/fr\\\/#organization\"},\"potentialAction\":[{\"@type\":\"SearchAction\",\"target\":{\"@type\":\"EntryPoint\",\"urlTemplate\":\"https:\\\/\\\/www.nlighten.com\\\/fr\\\/?s={search_term_string}\"},\"query-input\":{\"@type\":\"PropertyValueSpecification\",\"valueRequired\":true,\"valueName\":\"search_term_string\"}}],\"inLanguage\":\"fr-FR\"},{\"@type\":\"Organization\",\"@id\":\"https:\\\/\\\/www.nlighten.com\\\/fr\\\/#organization\",\"name\":\"nLighten\",\"url\":\"https:\\\/\\\/www.nlighten.com\\\/fr\\\/\",\"logo\":{\"@type\":\"ImageObject\",\"inLanguage\":\"fr-FR\",\"@id\":\"https:\\\/\\\/www.nlighten.com\\\/fr\\\/#\\\/schema\\\/logo\\\/image\\\/\",\"url\":\"https:\\\/\\\/www.nlighten.com\\\/wp-content\\\/uploads\\\/2024\\\/05\\\/nlighten_logo_green_bg.png\",\"contentUrl\":\"https:\\\/\\\/www.nlighten.com\\\/wp-content\\\/uploads\\\/2024\\\/05\\\/nlighten_logo_green_bg.png\",\"width\":696,\"height\":696,\"caption\":\"nLighten\"},\"image\":{\"@id\":\"https:\\\/\\\/www.nlighten.com\\\/fr\\\/#\\\/schema\\\/logo\\\/image\\\/\"},\"sameAs\":[\"https:\\\/\\\/www.linkedin.com\\\/company\\\/nlighten-datacenters\\\/\"]},{\"@type\":\"Person\",\"@id\":\"https:\\\/\\\/www.nlighten.com\\\/fr\\\/#\\\/schema\\\/person\\\/92d493fd46804f4724a5eeee6cc2dc4c\",\"name\":\"BenW\",\"image\":{\"@type\":\"ImageObject\",\"inLanguage\":\"fr-FR\",\"@id\":\"https:\\\/\\\/secure.gravatar.com\\\/avatar\\\/1b6e12f31b92f49c2d071d54261b3803570b443b8226349fec0c1d7f4ef51e5f?s=96&d=mm&r=g\",\"url\":\"https:\\\/\\\/secure.gravatar.com\\\/avatar\\\/1b6e12f31b92f49c2d071d54261b3803570b443b8226349fec0c1d7f4ef51e5f?s=96&d=mm&r=g\",\"contentUrl\":\"https:\\\/\\\/secure.gravatar.com\\\/avatar\\\/1b6e12f31b92f49c2d071d54261b3803570b443b8226349fec0c1d7f4ef51e5f?s=96&d=mm&r=g\",\"caption\":\"BenW\"},\"url\":\"https:\\\/\\\/www.nlighten.com\\\/fr\\\/author\\\/benw\\\/\"}]}<\/script>\n<!-- \/ Yoast SEO plugin. -->","yoast_head_json":{"title":"nLighten s'\u00e9tend en Europe - nLighten","description":"nLighten a annonc\u00e9 aujourd\u2019hui l\u2019acquisition strat\u00e9gique de sept centres de donn\u00e9es de pointe aupr\u00e8s d\u2019EXA Infrastructure.","robots":{"index":"index","follow":"follow","max-snippet":"max-snippet:-1","max-image-preview":"max-image-preview:large","max-video-preview":"max-video-preview:-1"},"canonical":"https:\/\/www.nlighten.com\/fr\/communiques-de-presse\/nlighten-setend-en-europe\/","og_locale":"fr_FR","og_type":"article","og_title":"nLighten s'\u00e9tend en Europe - nLighten","og_description":"nLighten a annonc\u00e9 aujourd\u2019hui l\u2019acquisition strat\u00e9gique de sept centres de donn\u00e9es de pointe aupr\u00e8s d\u2019EXA Infrastructure.","og_url":"https:\/\/www.nlighten.com\/fr\/communiques-de-presse\/nlighten-setend-en-europe\/","og_site_name":"nLighten","article_published_time":"2024-05-13T20:13:07+00:00","article_modified_time":"2025-10-08T10:46:53+00:00","og_image":[{"url":"https:\/\/www.nlighten.com\/wp-content\/uploads\/2024\/05\/660d6b99a3dc8107ab14f4df_PR-Europa.webp","type":"","width":"","height":""}],"author":"BenW","twitter_card":"summary_large_image","twitter_misc":{"\u00c9crit par":"BenW","Dur\u00e9e de lecture estim\u00e9e":"3 minutes"},"schema":{"@context":"https:\/\/schema.org","@graph":[{"@type":"Article","@id":"https:\/\/www.nlighten.com\/fr\/communiques-de-presse\/nlighten-setend-en-europe\/#article","isPartOf":{"@id":"https:\/\/www.nlighten.com\/fr\/communiques-de-presse\/nlighten-setend-en-europe\/"},"author":{"name":"BenW","@id":"https:\/\/www.nlighten.com\/fr\/#\/schema\/person\/92d493fd46804f4724a5eeee6cc2dc4c"},"headline":"nLighten s&rsquo;\u00e9tend en Europe","datePublished":"2024-05-13T20:13:07+00:00","dateModified":"2025-10-08T10:46:53+00:00","mainEntityOfPage":{"@id":"https:\/\/www.nlighten.com\/fr\/communiques-de-presse\/nlighten-setend-en-europe\/"},"wordCount":544,"publisher":{"@id":"https:\/\/www.nlighten.com\/fr\/#organization"},"image":{"@id":"https:\/\/www.nlighten.com\/fr\/communiques-de-presse\/nlighten-setend-en-europe\/#primaryimage"},"thumbnailUrl":"https:\/\/www.nlighten.com\/wp-content\/uploads\/2024\/05\/660d6b99a3dc8107ab14f4df_PR-Europa.webp","articleSection":["Press Release"],"inLanguage":"fr-FR"},{"@type":"WebPage","@id":"https:\/\/www.nlighten.com\/fr\/communiques-de-presse\/nlighten-setend-en-europe\/","url":"https:\/\/www.nlighten.com\/fr\/communiques-de-presse\/nlighten-setend-en-europe\/","name":"nLighten s'\u00e9tend en Europe - nLighten","isPartOf":{"@id":"https:\/\/www.nlighten.com\/fr\/#website"},"primaryImageOfPage":{"@id":"https:\/\/www.nlighten.com\/fr\/communiques-de-presse\/nlighten-setend-en-europe\/#primaryimage"},"image":{"@id":"https:\/\/www.nlighten.com\/fr\/communiques-de-presse\/nlighten-setend-en-europe\/#primaryimage"},"thumbnailUrl":"https:\/\/www.nlighten.com\/wp-content\/uploads\/2024\/05\/660d6b99a3dc8107ab14f4df_PR-Europa.webp","datePublished":"2024-05-13T20:13:07+00:00","dateModified":"2025-10-08T10:46:53+00:00","description":"nLighten a annonc\u00e9 aujourd\u2019hui l\u2019acquisition strat\u00e9gique de sept centres de donn\u00e9es de pointe aupr\u00e8s d\u2019EXA Infrastructure.","breadcrumb":{"@id":"https:\/\/www.nlighten.com\/fr\/communiques-de-presse\/nlighten-setend-en-europe\/#breadcrumb"},"inLanguage":"fr-FR","potentialAction":[{"@type":"ReadAction","target":["https:\/\/www.nlighten.com\/fr\/communiques-de-presse\/nlighten-setend-en-europe\/"]}]},{"@type":"ImageObject","inLanguage":"fr-FR","@id":"https:\/\/www.nlighten.com\/fr\/communiques-de-presse\/nlighten-setend-en-europe\/#primaryimage","url":"https:\/\/www.nlighten.com\/wp-content\/uploads\/2024\/05\/660d6b99a3dc8107ab14f4df_PR-Europa.webp","contentUrl":"https:\/\/www.nlighten.com\/wp-content\/uploads\/2024\/05\/660d6b99a3dc8107ab14f4df_PR-Europa.webp"},{"@type":"BreadcrumbList","@id":"https:\/\/www.nlighten.com\/fr\/communiques-de-presse\/nlighten-setend-en-europe\/#breadcrumb","itemListElement":[{"@type":"ListItem","position":1,"name":"Home","item":"https:\/\/www.nlighten.com\/fr\/"},{"@type":"ListItem","position":2,"name":"nLighten s&#8217;\u00e9tend en Europe"}]},{"@type":"WebSite","@id":"https:\/\/www.nlighten.com\/fr\/#website","url":"https:\/\/www.nlighten.com\/fr\/","name":"nLighten","description":"","publisher":{"@id":"https:\/\/www.nlighten.com\/fr\/#organization"},"potentialAction":[{"@type":"SearchAction","target":{"@type":"EntryPoint","urlTemplate":"https:\/\/www.nlighten.com\/fr\/?s={search_term_string}"},"query-input":{"@type":"PropertyValueSpecification","valueRequired":true,"valueName":"search_term_string"}}],"inLanguage":"fr-FR"},{"@type":"Organization","@id":"https:\/\/www.nlighten.com\/fr\/#organization","name":"nLighten","url":"https:\/\/www.nlighten.com\/fr\/","logo":{"@type":"ImageObject","inLanguage":"fr-FR","@id":"https:\/\/www.nlighten.com\/fr\/#\/schema\/logo\/image\/","url":"https:\/\/www.nlighten.com\/wp-content\/uploads\/2024\/05\/nlighten_logo_green_bg.png","contentUrl":"https:\/\/www.nlighten.com\/wp-content\/uploads\/2024\/05\/nlighten_logo_green_bg.png","width":696,"height":696,"caption":"nLighten"},"image":{"@id":"https:\/\/www.nlighten.com\/fr\/#\/schema\/logo\/image\/"},"sameAs":["https:\/\/www.linkedin.com\/company\/nlighten-datacenters\/"]},{"@type":"Person","@id":"https:\/\/www.nlighten.com\/fr\/#\/schema\/person\/92d493fd46804f4724a5eeee6cc2dc4c","name":"BenW","image":{"@type":"ImageObject","inLanguage":"fr-FR","@id":"https:\/\/secure.gravatar.com\/avatar\/1b6e12f31b92f49c2d071d54261b3803570b443b8226349fec0c1d7f4ef51e5f?s=96&d=mm&r=g","url":"https:\/\/secure.gravatar.com\/avatar\/1b6e12f31b92f49c2d071d54261b3803570b443b8226349fec0c1d7f4ef51e5f?s=96&d=mm&r=g","contentUrl":"https:\/\/secure.gravatar.com\/avatar\/1b6e12f31b92f49c2d071d54261b3803570b443b8226349fec0c1d7f4ef51e5f?s=96&d=mm&r=g","caption":"BenW"},"url":"https:\/\/www.nlighten.com\/fr\/author\/benw\/"}]}},"publishpress_future_workflow_manual_trigger":{"enabledWorkflows":[]},"_links":{"self":[{"href":"https:\/\/www.nlighten.com\/fr\/wp-json\/wp\/v2\/posts\/5475","targetHints":{"allow":["GET"]}}],"collection":[{"href":"https:\/\/www.nlighten.com\/fr\/wp-json\/wp\/v2\/posts"}],"about":[{"href":"https:\/\/www.nlighten.com\/fr\/wp-json\/wp\/v2\/types\/post"}],"author":[{"embeddable":true,"href":"https:\/\/www.nlighten.com\/fr\/wp-json\/wp\/v2\/users\/2"}],"replies":[{"embeddable":true,"href":"https:\/\/www.nlighten.com\/fr\/wp-json\/wp\/v2\/comments?post=5475"}],"version-history":[{"count":0,"href":"https:\/\/www.nlighten.com\/fr\/wp-json\/wp\/v2\/posts\/5475\/revisions"}],"wp:attachment":[{"href":"https:\/\/www.nlighten.com\/fr\/wp-json\/wp\/v2\/media?parent=5475"}],"wp:term":[{"taxonomy":"category","embeddable":true,"href":"https:\/\/www.nlighten.com\/fr\/wp-json\/wp\/v2\/categories?post=5475"},{"taxonomy":"post_tag","embeddable":true,"href":"https:\/\/www.nlighten.com\/fr\/wp-json\/wp\/v2\/tags?post=5475"}],"curies":[{"name":"wp","href":"https:\/\/api.w.org\/{rel}","templated":true}]}}