{"id":5473,"date":"2024-05-13T20:14:07","date_gmt":"2024-05-13T20:14:07","guid":{"rendered":"https:\/\/www.nlighten.com\/?p=5473"},"modified":"2025-10-08T10:49:30","modified_gmt":"2025-10-08T10:49:30","slug":"nlighten-etend-sa-presence-en-europe-avec-lacquisition-dun-centre-de-donnees-a-amsterdam","status":"publish","type":"post","link":"https:\/\/www.nlighten.com\/fr\/communiques-de-presse\/nlighten-etend-sa-presence-en-europe-avec-lacquisition-dun-centre-de-donnees-a-amsterdam\/","title":{"rendered":"nLighten \u00e9tend sa pr\u00e9sence en Europe avec l&rsquo;acquisition d&rsquo;un centre de donn\u00e9es \u00e0 Amsterdam"},"content":{"rendered":"\t\t<div data-elementor-type=\"wp-post\" data-elementor-id=\"5473\" class=\"elementor elementor-5473 elementor-5379\" data-elementor-post-type=\"post\">\n\t\t\t\t<div class=\"elementor-element elementor-element-5ad57bc e-flex e-con-boxed e-con e-parent\" data-id=\"5ad57bc\" data-element_type=\"container\" data-e-type=\"container\">\n\t\t\t\t\t<div class=\"e-con-inner\">\n\t\t\t\t<div class=\"elementor-element elementor-element-88cea18 elementor-widget elementor-widget-heading\" data-id=\"88cea18\" data-element_type=\"widget\" data-e-type=\"widget\" data-widget_type=\"heading.default\">\n\t\t\t\t<div class=\"elementor-widget-container\">\n\t\t\t\t\t<h2 class=\"elementor-heading-title elementor-size-default\">Communiqu\u00e9 de presse<\/h2>\t\t\t\t<\/div>\n\t\t\t\t<\/div>\n\t\t\t\t<div class=\"elementor-element elementor-element-abc8653 elementor-widget elementor-widget-theme-post-title elementor-page-title elementor-widget-heading\" data-id=\"abc8653\" data-element_type=\"widget\" data-e-type=\"widget\" data-widget_type=\"theme-post-title.default\">\n\t\t\t\t<div class=\"elementor-widget-container\">\n\t\t\t\t\t<h1 class=\"elementor-heading-title elementor-size-default\">nLighten \u00e9tend sa pr\u00e9sence en Europe avec l&rsquo;acquisition d&rsquo;un centre de donn\u00e9es \u00e0 Amsterdam<\/h1>\t\t\t\t<\/div>\n\t\t\t\t<\/div>\n\t\t\t\t<div class=\"elementor-element elementor-element-b4a3c52 elementor-widget elementor-widget-text-editor\" data-id=\"b4a3c52\" data-element_type=\"widget\" data-e-type=\"widget\" data-widget_type=\"text-editor.default\">\n\t\t\t\t<div class=\"elementor-widget-container\">\n\t\t\t\t\t\t\t\t\t<p>nLighten acquiert Gyro Center et entre sur le march\u00e9 n\u00e9erlandais<\/p>\n\t\t\t\t\t\t\t\t<\/div>\n\t\t\t\t<\/div>\n\t\t\t\t<div class=\"elementor-element elementor-element-0073123 elementor-widget elementor-widget-image\" data-id=\"0073123\" data-element_type=\"widget\" data-e-type=\"widget\" data-widget_type=\"image.default\">\n\t\t\t\t<div class=\"elementor-widget-container\">\n\t\t\t\t\t\t\t\t\t\t\t\t\t\t\t<img fetchpriority=\"high\" decoding=\"async\" width=\"920\" height=\"470\" src=\"https:\/\/www.nlighten.com\/wp-content\/uploads\/2024\/05\/6566fd5fbf3fb68164fa0cac_655e060aec35c2f3978a2d27_nlighten-edge-center-amsterdam.webp\" class=\"attachment-large size-large wp-image-5438\" alt=\"Amsterdam\" srcset=\"https:\/\/www.nlighten.com\/wp-content\/uploads\/2024\/05\/6566fd5fbf3fb68164fa0cac_655e060aec35c2f3978a2d27_nlighten-edge-center-amsterdam.webp 920w, https:\/\/www.nlighten.com\/wp-content\/uploads\/2024\/05\/6566fd5fbf3fb68164fa0cac_655e060aec35c2f3978a2d27_nlighten-edge-center-amsterdam-300x153.webp 300w, https:\/\/www.nlighten.com\/wp-content\/uploads\/2024\/05\/6566fd5fbf3fb68164fa0cac_655e060aec35c2f3978a2d27_nlighten-edge-center-amsterdam-768x392.webp 768w\" sizes=\"(max-width: 920px) 100vw, 920px\" \/>\t\t\t\t\t\t\t\t\t\t\t\t\t\t\t<\/div>\n\t\t\t\t<\/div>\n\t\t\t\t<div class=\"elementor-element elementor-element-ca4f5cf elementor-widget elementor-widget-text-editor\" data-id=\"ca4f5cf\" data-element_type=\"widget\" data-e-type=\"widget\" data-widget_type=\"text-editor.default\">\n\t\t\t\t<div class=\"elementor-widget-container\">\n\t\t\t\t\t\t\t\t\t<p><strong>Amsterdam, 23 novembre 2023<\/strong> \u2014 nLighten, une plateforme d&rsquo;infrastructure num\u00e9rique d&rsquo;iSquared Capital, l&rsquo;un des principaux investisseurs mondiaux dans les infrastructures, a acquis GyroCenter (\u00ab Gyro \u00bb), un centre de donn\u00e9es haute performance situ\u00e9 \u00e0 Amsterdam. Avec cette acquisition, nLighten poursuit son expansion europ\u00e9enne et se rapproche de son objectif de cr\u00e9er et d&rsquo;exploiter la plate-forme de centre de donn\u00e9es de pointe en Europe. <br \/>\u200d<br \/>Le march\u00e9 des centres de donn\u00e9es aux Pays-Bas est l&rsquo;un des plus importants d&rsquo;Europe, b\u00e9n\u00e9ficiant d&rsquo;une alimentation \u00e9lectrique stable, d&rsquo;une bonne infrastructure et d&rsquo;un emplacement id\u00e9al. Amsterdam, en particulier, est l&rsquo;un des plus importants hubs Internet europ\u00e9ens et un site cl\u00e9 pour l&rsquo;industrie internationale des centres de donn\u00e9es, aux c\u00f4t\u00e9s de Londres, Paris et Francfort. <br \/>\u200d<br \/>Le centre de donn\u00e9es de Gyro, neutre vis-\u00e0-vis des op\u00e9rateurs, fournit 100 % d&rsquo;\u00e9nergie renouvelable et g\u00e8re de mani\u00e8re proactive la consommation d&rsquo;\u00e9nergie, ce qui correspond \u00e0 la mission de nLighten qui consiste \u00e0 fournir des services de mani\u00e8re plus durable et responsable. Gyro est situ\u00e9 dans une zone excellente en termes de connectivit\u00e9, de s\u00e9curit\u00e9 et de disponibilit\u00e9, offrant une approche personnalis\u00e9e et un personnel informatique sur place 24h\/24 et 7j\/7. Afin de mettre Gyro aux normes les plus r\u00e9centes, des mesures structurelles conformes au niveau III seront mises en \u0153uvre prochainement et le syst\u00e8me de refroidissement sera modernis\u00e9.  <br \/>\u200d<br \/>\u00ab Nous continuons \u00e0 travailler d&rsquo;arrache-pied pour cr\u00e9er la plate-forme de centre de donn\u00e9es de pointe en Europe \u00bb, d\u00e9clare Harro Beusker, cofondateur et PDG de NLighten. \u00ab Apr\u00e8s l&rsquo;Allemagne, la France et le Royaume-Uni, nous nous \u00e9tendons d\u00e9sormais aux Pays-Bas et couvrons un autre site commercial important et attractif. \u00bb <\/p>\n\t\t\t\t\t\t\t\t<\/div>\n\t\t\t\t<\/div>\n\t\t\t\t\t<\/div>\n\t\t\t\t<\/div>\n\t\t\t\t<\/div>\n\t\t","protected":false},"excerpt":{"rendered":"<p>Communiqu\u00e9 de presse nLighten acquiert Gyro Center et entre sur le march\u00e9 n\u00e9erlandais Amsterdam, 23 novembre 2023 \u2014 nLighten, une plateforme d&rsquo;infrastructure num\u00e9rique d&rsquo;iSquared Capital, l&rsquo;un des principaux investisseurs mondiaux &#8230; <a title=\"nLighten \u00e9tend sa pr\u00e9sence en Europe avec l&rsquo;acquisition d&rsquo;un centre de donn\u00e9es \u00e0 Amsterdam\" class=\"read-more\" href=\"https:\/\/www.nlighten.com\/fr\/communiques-de-presse\/nlighten-etend-sa-presence-en-europe-avec-lacquisition-dun-centre-de-donnees-a-amsterdam\/\" aria-label=\"En savoir plus sur nLighten \u00e9tend sa pr\u00e9sence en Europe avec l&rsquo;acquisition d&rsquo;un centre de donn\u00e9es \u00e0 Amsterdam\">Lire la suite<\/a><\/p>\n","protected":false},"author":2,"featured_media":0,"comment_status":"closed","ping_status":"closed","sticky":false,"template":"","format":"standard","meta":{"_acf_changed":false,"footnotes":""},"categories":[56],"tags":[],"class_list":["post-5473","post","type-post","status-publish","format-standard","hentry","category-press-release-fr"],"acf":[],"yoast_head":"<!-- This site is optimized with the Yoast SEO plugin v27.4 - https:\/\/yoast.com\/product\/yoast-seo-wordpress\/ -->\n<title>nLighten \u00e9tend sa pr\u00e9sence en Europe avec l&#039;acquisition d&#039;un centre de donn\u00e9es \u00e0 Amsterdam - nLighten<\/title>\n<meta name=\"description\" content=\"nLighten \u00e9tend sa pr\u00e9sence en Europe avec l\u2019acquisition d\u2019un centre de donn\u00e9es \u00e0 Amsterdam. nLighten acquiert Gyro Center.\" \/>\n<meta name=\"robots\" content=\"index, follow, max-snippet:-1, max-image-preview:large, max-video-preview:-1\" \/>\n<link rel=\"canonical\" href=\"https:\/\/www.nlighten.com\/fr\/communiques-de-presse\/nlighten-etend-sa-presence-en-europe-avec-lacquisition-dun-centre-de-donnees-a-amsterdam\/\" \/>\n<meta property=\"og:locale\" content=\"fr_FR\" \/>\n<meta property=\"og:type\" content=\"article\" \/>\n<meta property=\"og:title\" content=\"nLighten \u00e9tend sa pr\u00e9sence en Europe avec l&#039;acquisition d&#039;un centre de donn\u00e9es \u00e0 Amsterdam - nLighten\" \/>\n<meta property=\"og:description\" content=\"nLighten \u00e9tend sa pr\u00e9sence en Europe avec l\u2019acquisition d\u2019un centre de donn\u00e9es \u00e0 Amsterdam. nLighten acquiert Gyro Center.\" \/>\n<meta property=\"og:url\" content=\"https:\/\/www.nlighten.com\/fr\/communiques-de-presse\/nlighten-etend-sa-presence-en-europe-avec-lacquisition-dun-centre-de-donnees-a-amsterdam\/\" \/>\n<meta property=\"og:site_name\" content=\"nLighten\" \/>\n<meta property=\"article:published_time\" content=\"2024-05-13T20:14:07+00:00\" \/>\n<meta property=\"article:modified_time\" content=\"2025-10-08T10:49:30+00:00\" \/>\n<meta property=\"og:image\" content=\"https:\/\/www.nlighten.com\/wp-content\/uploads\/2024\/05\/6566fd5fbf3fb68164fa0cac_655e060aec35c2f3978a2d27_nlighten-edge-center-amsterdam.webp\" \/>\n<meta name=\"author\" content=\"BenW\" \/>\n<meta name=\"twitter:card\" content=\"summary_large_image\" \/>\n<meta name=\"twitter:label1\" content=\"\u00c9crit par\" \/>\n\t<meta name=\"twitter:data1\" content=\"BenW\" \/>\n\t<meta name=\"twitter:label2\" content=\"Dur\u00e9e de lecture estim\u00e9e\" \/>\n\t<meta name=\"twitter:data2\" content=\"2 minutes\" \/>\n<script type=\"application\/ld+json\" class=\"yoast-schema-graph\">{\"@context\":\"https:\\\/\\\/schema.org\",\"@graph\":[{\"@type\":\"Article\",\"@id\":\"https:\\\/\\\/www.nlighten.com\\\/fr\\\/communiques-de-presse\\\/nlighten-etend-sa-presence-en-europe-avec-lacquisition-dun-centre-de-donnees-a-amsterdam\\\/#article\",\"isPartOf\":{\"@id\":\"https:\\\/\\\/www.nlighten.com\\\/fr\\\/communiques-de-presse\\\/nlighten-etend-sa-presence-en-europe-avec-lacquisition-dun-centre-de-donnees-a-amsterdam\\\/\"},\"author\":{\"name\":\"BenW\",\"@id\":\"https:\\\/\\\/www.nlighten.com\\\/fr\\\/#\\\/schema\\\/person\\\/92d493fd46804f4724a5eeee6cc2dc4c\"},\"headline\":\"nLighten \u00e9tend sa pr\u00e9sence en Europe avec l&rsquo;acquisition d&rsquo;un centre de donn\u00e9es \u00e0 Amsterdam\",\"datePublished\":\"2024-05-13T20:14:07+00:00\",\"dateModified\":\"2025-10-08T10:49:30+00:00\",\"mainEntityOfPage\":{\"@id\":\"https:\\\/\\\/www.nlighten.com\\\/fr\\\/communiques-de-presse\\\/nlighten-etend-sa-presence-en-europe-avec-lacquisition-dun-centre-de-donnees-a-amsterdam\\\/\"},\"wordCount\":328,\"publisher\":{\"@id\":\"https:\\\/\\\/www.nlighten.com\\\/fr\\\/#organization\"},\"image\":{\"@id\":\"https:\\\/\\\/www.nlighten.com\\\/fr\\\/communiques-de-presse\\\/nlighten-etend-sa-presence-en-europe-avec-lacquisition-dun-centre-de-donnees-a-amsterdam\\\/#primaryimage\"},\"thumbnailUrl\":\"https:\\\/\\\/www.nlighten.com\\\/wp-content\\\/uploads\\\/2024\\\/05\\\/6566fd5fbf3fb68164fa0cac_655e060aec35c2f3978a2d27_nlighten-edge-center-amsterdam.webp\",\"articleSection\":[\"Press Release\"],\"inLanguage\":\"fr-FR\"},{\"@type\":\"WebPage\",\"@id\":\"https:\\\/\\\/www.nlighten.com\\\/fr\\\/communiques-de-presse\\\/nlighten-etend-sa-presence-en-europe-avec-lacquisition-dun-centre-de-donnees-a-amsterdam\\\/\",\"url\":\"https:\\\/\\\/www.nlighten.com\\\/fr\\\/communiques-de-presse\\\/nlighten-etend-sa-presence-en-europe-avec-lacquisition-dun-centre-de-donnees-a-amsterdam\\\/\",\"name\":\"nLighten \u00e9tend sa pr\u00e9sence en Europe avec l'acquisition d'un centre de donn\u00e9es \u00e0 Amsterdam - nLighten\",\"isPartOf\":{\"@id\":\"https:\\\/\\\/www.nlighten.com\\\/fr\\\/#website\"},\"primaryImageOfPage\":{\"@id\":\"https:\\\/\\\/www.nlighten.com\\\/fr\\\/communiques-de-presse\\\/nlighten-etend-sa-presence-en-europe-avec-lacquisition-dun-centre-de-donnees-a-amsterdam\\\/#primaryimage\"},\"image\":{\"@id\":\"https:\\\/\\\/www.nlighten.com\\\/fr\\\/communiques-de-presse\\\/nlighten-etend-sa-presence-en-europe-avec-lacquisition-dun-centre-de-donnees-a-amsterdam\\\/#primaryimage\"},\"thumbnailUrl\":\"https:\\\/\\\/www.nlighten.com\\\/wp-content\\\/uploads\\\/2024\\\/05\\\/6566fd5fbf3fb68164fa0cac_655e060aec35c2f3978a2d27_nlighten-edge-center-amsterdam.webp\",\"datePublished\":\"2024-05-13T20:14:07+00:00\",\"dateModified\":\"2025-10-08T10:49:30+00:00\",\"description\":\"nLighten \u00e9tend sa pr\u00e9sence en Europe avec l\u2019acquisition d\u2019un centre de donn\u00e9es \u00e0 Amsterdam. nLighten acquiert Gyro Center.\",\"breadcrumb\":{\"@id\":\"https:\\\/\\\/www.nlighten.com\\\/fr\\\/communiques-de-presse\\\/nlighten-etend-sa-presence-en-europe-avec-lacquisition-dun-centre-de-donnees-a-amsterdam\\\/#breadcrumb\"},\"inLanguage\":\"fr-FR\",\"potentialAction\":[{\"@type\":\"ReadAction\",\"target\":[\"https:\\\/\\\/www.nlighten.com\\\/fr\\\/communiques-de-presse\\\/nlighten-etend-sa-presence-en-europe-avec-lacquisition-dun-centre-de-donnees-a-amsterdam\\\/\"]}]},{\"@type\":\"ImageObject\",\"inLanguage\":\"fr-FR\",\"@id\":\"https:\\\/\\\/www.nlighten.com\\\/fr\\\/communiques-de-presse\\\/nlighten-etend-sa-presence-en-europe-avec-lacquisition-dun-centre-de-donnees-a-amsterdam\\\/#primaryimage\",\"url\":\"https:\\\/\\\/www.nlighten.com\\\/wp-content\\\/uploads\\\/2024\\\/05\\\/6566fd5fbf3fb68164fa0cac_655e060aec35c2f3978a2d27_nlighten-edge-center-amsterdam.webp\",\"contentUrl\":\"https:\\\/\\\/www.nlighten.com\\\/wp-content\\\/uploads\\\/2024\\\/05\\\/6566fd5fbf3fb68164fa0cac_655e060aec35c2f3978a2d27_nlighten-edge-center-amsterdam.webp\"},{\"@type\":\"BreadcrumbList\",\"@id\":\"https:\\\/\\\/www.nlighten.com\\\/fr\\\/communiques-de-presse\\\/nlighten-etend-sa-presence-en-europe-avec-lacquisition-dun-centre-de-donnees-a-amsterdam\\\/#breadcrumb\",\"itemListElement\":[{\"@type\":\"ListItem\",\"position\":1,\"name\":\"Home\",\"item\":\"https:\\\/\\\/www.nlighten.com\\\/fr\\\/\"},{\"@type\":\"ListItem\",\"position\":2,\"name\":\"nLighten \u00e9tend sa pr\u00e9sence en Europe avec l&#8217;acquisition d&#8217;un centre de donn\u00e9es \u00e0 Amsterdam\"}]},{\"@type\":\"WebSite\",\"@id\":\"https:\\\/\\\/www.nlighten.com\\\/fr\\\/#website\",\"url\":\"https:\\\/\\\/www.nlighten.com\\\/fr\\\/\",\"name\":\"nLighten\",\"description\":\"\",\"publisher\":{\"@id\":\"https:\\\/\\\/www.nlighten.com\\\/fr\\\/#organization\"},\"potentialAction\":[{\"@type\":\"SearchAction\",\"target\":{\"@type\":\"EntryPoint\",\"urlTemplate\":\"https:\\\/\\\/www.nlighten.com\\\/fr\\\/?s={search_term_string}\"},\"query-input\":{\"@type\":\"PropertyValueSpecification\",\"valueRequired\":true,\"valueName\":\"search_term_string\"}}],\"inLanguage\":\"fr-FR\"},{\"@type\":\"Organization\",\"@id\":\"https:\\\/\\\/www.nlighten.com\\\/fr\\\/#organization\",\"name\":\"nLighten\",\"url\":\"https:\\\/\\\/www.nlighten.com\\\/fr\\\/\",\"logo\":{\"@type\":\"ImageObject\",\"inLanguage\":\"fr-FR\",\"@id\":\"https:\\\/\\\/www.nlighten.com\\\/fr\\\/#\\\/schema\\\/logo\\\/image\\\/\",\"url\":\"https:\\\/\\\/www.nlighten.com\\\/wp-content\\\/uploads\\\/2024\\\/05\\\/nlighten_logo_green_bg.png\",\"contentUrl\":\"https:\\\/\\\/www.nlighten.com\\\/wp-content\\\/uploads\\\/2024\\\/05\\\/nlighten_logo_green_bg.png\",\"width\":696,\"height\":696,\"caption\":\"nLighten\"},\"image\":{\"@id\":\"https:\\\/\\\/www.nlighten.com\\\/fr\\\/#\\\/schema\\\/logo\\\/image\\\/\"},\"sameAs\":[\"https:\\\/\\\/www.linkedin.com\\\/company\\\/nlighten-datacenters\\\/\"]},{\"@type\":\"Person\",\"@id\":\"https:\\\/\\\/www.nlighten.com\\\/fr\\\/#\\\/schema\\\/person\\\/92d493fd46804f4724a5eeee6cc2dc4c\",\"name\":\"BenW\",\"image\":{\"@type\":\"ImageObject\",\"inLanguage\":\"fr-FR\",\"@id\":\"https:\\\/\\\/secure.gravatar.com\\\/avatar\\\/1b6e12f31b92f49c2d071d54261b3803570b443b8226349fec0c1d7f4ef51e5f?s=96&d=mm&r=g\",\"url\":\"https:\\\/\\\/secure.gravatar.com\\\/avatar\\\/1b6e12f31b92f49c2d071d54261b3803570b443b8226349fec0c1d7f4ef51e5f?s=96&d=mm&r=g\",\"contentUrl\":\"https:\\\/\\\/secure.gravatar.com\\\/avatar\\\/1b6e12f31b92f49c2d071d54261b3803570b443b8226349fec0c1d7f4ef51e5f?s=96&d=mm&r=g\",\"caption\":\"BenW\"},\"url\":\"https:\\\/\\\/www.nlighten.com\\\/fr\\\/author\\\/benw\\\/\"}]}<\/script>\n<!-- \/ Yoast SEO plugin. -->","yoast_head_json":{"title":"nLighten \u00e9tend sa pr\u00e9sence en Europe avec l'acquisition d'un centre de donn\u00e9es \u00e0 Amsterdam - nLighten","description":"nLighten \u00e9tend sa pr\u00e9sence en Europe avec l\u2019acquisition d\u2019un centre de donn\u00e9es \u00e0 Amsterdam. nLighten acquiert Gyro Center.","robots":{"index":"index","follow":"follow","max-snippet":"max-snippet:-1","max-image-preview":"max-image-preview:large","max-video-preview":"max-video-preview:-1"},"canonical":"https:\/\/www.nlighten.com\/fr\/communiques-de-presse\/nlighten-etend-sa-presence-en-europe-avec-lacquisition-dun-centre-de-donnees-a-amsterdam\/","og_locale":"fr_FR","og_type":"article","og_title":"nLighten \u00e9tend sa pr\u00e9sence en Europe avec l'acquisition d'un centre de donn\u00e9es \u00e0 Amsterdam - nLighten","og_description":"nLighten \u00e9tend sa pr\u00e9sence en Europe avec l\u2019acquisition d\u2019un centre de donn\u00e9es \u00e0 Amsterdam. nLighten acquiert Gyro Center.","og_url":"https:\/\/www.nlighten.com\/fr\/communiques-de-presse\/nlighten-etend-sa-presence-en-europe-avec-lacquisition-dun-centre-de-donnees-a-amsterdam\/","og_site_name":"nLighten","article_published_time":"2024-05-13T20:14:07+00:00","article_modified_time":"2025-10-08T10:49:30+00:00","og_image":[{"url":"https:\/\/www.nlighten.com\/wp-content\/uploads\/2024\/05\/6566fd5fbf3fb68164fa0cac_655e060aec35c2f3978a2d27_nlighten-edge-center-amsterdam.webp","type":"","width":"","height":""}],"author":"BenW","twitter_card":"summary_large_image","twitter_misc":{"\u00c9crit par":"BenW","Dur\u00e9e de lecture estim\u00e9e":"2 minutes"},"schema":{"@context":"https:\/\/schema.org","@graph":[{"@type":"Article","@id":"https:\/\/www.nlighten.com\/fr\/communiques-de-presse\/nlighten-etend-sa-presence-en-europe-avec-lacquisition-dun-centre-de-donnees-a-amsterdam\/#article","isPartOf":{"@id":"https:\/\/www.nlighten.com\/fr\/communiques-de-presse\/nlighten-etend-sa-presence-en-europe-avec-lacquisition-dun-centre-de-donnees-a-amsterdam\/"},"author":{"name":"BenW","@id":"https:\/\/www.nlighten.com\/fr\/#\/schema\/person\/92d493fd46804f4724a5eeee6cc2dc4c"},"headline":"nLighten \u00e9tend sa pr\u00e9sence en Europe avec l&rsquo;acquisition d&rsquo;un centre de donn\u00e9es \u00e0 Amsterdam","datePublished":"2024-05-13T20:14:07+00:00","dateModified":"2025-10-08T10:49:30+00:00","mainEntityOfPage":{"@id":"https:\/\/www.nlighten.com\/fr\/communiques-de-presse\/nlighten-etend-sa-presence-en-europe-avec-lacquisition-dun-centre-de-donnees-a-amsterdam\/"},"wordCount":328,"publisher":{"@id":"https:\/\/www.nlighten.com\/fr\/#organization"},"image":{"@id":"https:\/\/www.nlighten.com\/fr\/communiques-de-presse\/nlighten-etend-sa-presence-en-europe-avec-lacquisition-dun-centre-de-donnees-a-amsterdam\/#primaryimage"},"thumbnailUrl":"https:\/\/www.nlighten.com\/wp-content\/uploads\/2024\/05\/6566fd5fbf3fb68164fa0cac_655e060aec35c2f3978a2d27_nlighten-edge-center-amsterdam.webp","articleSection":["Press Release"],"inLanguage":"fr-FR"},{"@type":"WebPage","@id":"https:\/\/www.nlighten.com\/fr\/communiques-de-presse\/nlighten-etend-sa-presence-en-europe-avec-lacquisition-dun-centre-de-donnees-a-amsterdam\/","url":"https:\/\/www.nlighten.com\/fr\/communiques-de-presse\/nlighten-etend-sa-presence-en-europe-avec-lacquisition-dun-centre-de-donnees-a-amsterdam\/","name":"nLighten \u00e9tend sa pr\u00e9sence en Europe avec l'acquisition d'un centre de donn\u00e9es \u00e0 Amsterdam - nLighten","isPartOf":{"@id":"https:\/\/www.nlighten.com\/fr\/#website"},"primaryImageOfPage":{"@id":"https:\/\/www.nlighten.com\/fr\/communiques-de-presse\/nlighten-etend-sa-presence-en-europe-avec-lacquisition-dun-centre-de-donnees-a-amsterdam\/#primaryimage"},"image":{"@id":"https:\/\/www.nlighten.com\/fr\/communiques-de-presse\/nlighten-etend-sa-presence-en-europe-avec-lacquisition-dun-centre-de-donnees-a-amsterdam\/#primaryimage"},"thumbnailUrl":"https:\/\/www.nlighten.com\/wp-content\/uploads\/2024\/05\/6566fd5fbf3fb68164fa0cac_655e060aec35c2f3978a2d27_nlighten-edge-center-amsterdam.webp","datePublished":"2024-05-13T20:14:07+00:00","dateModified":"2025-10-08T10:49:30+00:00","description":"nLighten \u00e9tend sa pr\u00e9sence en Europe avec l\u2019acquisition d\u2019un centre de donn\u00e9es \u00e0 Amsterdam. nLighten acquiert Gyro Center.","breadcrumb":{"@id":"https:\/\/www.nlighten.com\/fr\/communiques-de-presse\/nlighten-etend-sa-presence-en-europe-avec-lacquisition-dun-centre-de-donnees-a-amsterdam\/#breadcrumb"},"inLanguage":"fr-FR","potentialAction":[{"@type":"ReadAction","target":["https:\/\/www.nlighten.com\/fr\/communiques-de-presse\/nlighten-etend-sa-presence-en-europe-avec-lacquisition-dun-centre-de-donnees-a-amsterdam\/"]}]},{"@type":"ImageObject","inLanguage":"fr-FR","@id":"https:\/\/www.nlighten.com\/fr\/communiques-de-presse\/nlighten-etend-sa-presence-en-europe-avec-lacquisition-dun-centre-de-donnees-a-amsterdam\/#primaryimage","url":"https:\/\/www.nlighten.com\/wp-content\/uploads\/2024\/05\/6566fd5fbf3fb68164fa0cac_655e060aec35c2f3978a2d27_nlighten-edge-center-amsterdam.webp","contentUrl":"https:\/\/www.nlighten.com\/wp-content\/uploads\/2024\/05\/6566fd5fbf3fb68164fa0cac_655e060aec35c2f3978a2d27_nlighten-edge-center-amsterdam.webp"},{"@type":"BreadcrumbList","@id":"https:\/\/www.nlighten.com\/fr\/communiques-de-presse\/nlighten-etend-sa-presence-en-europe-avec-lacquisition-dun-centre-de-donnees-a-amsterdam\/#breadcrumb","itemListElement":[{"@type":"ListItem","position":1,"name":"Home","item":"https:\/\/www.nlighten.com\/fr\/"},{"@type":"ListItem","position":2,"name":"nLighten \u00e9tend sa pr\u00e9sence en Europe avec l&#8217;acquisition d&#8217;un centre de donn\u00e9es \u00e0 Amsterdam"}]},{"@type":"WebSite","@id":"https:\/\/www.nlighten.com\/fr\/#website","url":"https:\/\/www.nlighten.com\/fr\/","name":"nLighten","description":"","publisher":{"@id":"https:\/\/www.nlighten.com\/fr\/#organization"},"potentialAction":[{"@type":"SearchAction","target":{"@type":"EntryPoint","urlTemplate":"https:\/\/www.nlighten.com\/fr\/?s={search_term_string}"},"query-input":{"@type":"PropertyValueSpecification","valueRequired":true,"valueName":"search_term_string"}}],"inLanguage":"fr-FR"},{"@type":"Organization","@id":"https:\/\/www.nlighten.com\/fr\/#organization","name":"nLighten","url":"https:\/\/www.nlighten.com\/fr\/","logo":{"@type":"ImageObject","inLanguage":"fr-FR","@id":"https:\/\/www.nlighten.com\/fr\/#\/schema\/logo\/image\/","url":"https:\/\/www.nlighten.com\/wp-content\/uploads\/2024\/05\/nlighten_logo_green_bg.png","contentUrl":"https:\/\/www.nlighten.com\/wp-content\/uploads\/2024\/05\/nlighten_logo_green_bg.png","width":696,"height":696,"caption":"nLighten"},"image":{"@id":"https:\/\/www.nlighten.com\/fr\/#\/schema\/logo\/image\/"},"sameAs":["https:\/\/www.linkedin.com\/company\/nlighten-datacenters\/"]},{"@type":"Person","@id":"https:\/\/www.nlighten.com\/fr\/#\/schema\/person\/92d493fd46804f4724a5eeee6cc2dc4c","name":"BenW","image":{"@type":"ImageObject","inLanguage":"fr-FR","@id":"https:\/\/secure.gravatar.com\/avatar\/1b6e12f31b92f49c2d071d54261b3803570b443b8226349fec0c1d7f4ef51e5f?s=96&d=mm&r=g","url":"https:\/\/secure.gravatar.com\/avatar\/1b6e12f31b92f49c2d071d54261b3803570b443b8226349fec0c1d7f4ef51e5f?s=96&d=mm&r=g","contentUrl":"https:\/\/secure.gravatar.com\/avatar\/1b6e12f31b92f49c2d071d54261b3803570b443b8226349fec0c1d7f4ef51e5f?s=96&d=mm&r=g","caption":"BenW"},"url":"https:\/\/www.nlighten.com\/fr\/author\/benw\/"}]}},"publishpress_future_workflow_manual_trigger":{"enabledWorkflows":[]},"_links":{"self":[{"href":"https:\/\/www.nlighten.com\/fr\/wp-json\/wp\/v2\/posts\/5473","targetHints":{"allow":["GET"]}}],"collection":[{"href":"https:\/\/www.nlighten.com\/fr\/wp-json\/wp\/v2\/posts"}],"about":[{"href":"https:\/\/www.nlighten.com\/fr\/wp-json\/wp\/v2\/types\/post"}],"author":[{"embeddable":true,"href":"https:\/\/www.nlighten.com\/fr\/wp-json\/wp\/v2\/users\/2"}],"replies":[{"embeddable":true,"href":"https:\/\/www.nlighten.com\/fr\/wp-json\/wp\/v2\/comments?post=5473"}],"version-history":[{"count":0,"href":"https:\/\/www.nlighten.com\/fr\/wp-json\/wp\/v2\/posts\/5473\/revisions"}],"wp:attachment":[{"href":"https:\/\/www.nlighten.com\/fr\/wp-json\/wp\/v2\/media?parent=5473"}],"wp:term":[{"taxonomy":"category","embeddable":true,"href":"https:\/\/www.nlighten.com\/fr\/wp-json\/wp\/v2\/categories?post=5473"},{"taxonomy":"post_tag","embeddable":true,"href":"https:\/\/www.nlighten.com\/fr\/wp-json\/wp\/v2\/tags?post=5473"}],"curies":[{"name":"wp","href":"https:\/\/api.w.org\/{rel}","templated":true}]}}