{"id":5465,"date":"2024-05-13T20:16:01","date_gmt":"2024-05-13T20:16:01","guid":{"rendered":"https:\/\/www.nlighten.com\/?p=5465"},"modified":"2025-10-08T10:48:29","modified_gmt":"2025-10-08T10:48:29","slug":"nlighten-lance-une-plate-forme-de-centre-de-donnees-de-pointe-pour-les-entreprises-en-allemagne","status":"publish","type":"post","link":"https:\/\/www.nlighten.com\/fr\/communiques-de-presse\/nlighten-lance-une-plate-forme-de-centre-de-donnees-de-pointe-pour-les-entreprises-en-allemagne\/","title":{"rendered":"nLighten lance une plate-forme de centre de donn\u00e9es de pointe pour les entreprises en Allemagne"},"content":{"rendered":"\t\t<div data-elementor-type=\"wp-post\" data-elementor-id=\"5465\" class=\"elementor elementor-5465 elementor-5387\" data-elementor-post-type=\"post\">\n\t\t\t\t<div class=\"elementor-element elementor-element-24abb64 e-flex e-con-boxed e-con e-parent\" data-id=\"24abb64\" data-element_type=\"container\" data-e-type=\"container\">\n\t\t\t\t\t<div class=\"e-con-inner\">\n\t\t\t\t<div class=\"elementor-element elementor-element-ae452fc elementor-widget elementor-widget-heading\" data-id=\"ae452fc\" data-element_type=\"widget\" data-e-type=\"widget\" data-widget_type=\"heading.default\">\n\t\t\t\t<div class=\"elementor-widget-container\">\n\t\t\t\t\t<h2 class=\"elementor-heading-title elementor-size-default\">Communiqu\u00e9 de presse<\/h2>\t\t\t\t<\/div>\n\t\t\t\t<\/div>\n\t\t\t\t<div class=\"elementor-element elementor-element-c0e55a9 elementor-widget elementor-widget-theme-post-title elementor-page-title elementor-widget-heading\" data-id=\"c0e55a9\" data-element_type=\"widget\" data-e-type=\"widget\" data-widget_type=\"theme-post-title.default\">\n\t\t\t\t<div class=\"elementor-widget-container\">\n\t\t\t\t\t<h1 class=\"elementor-heading-title elementor-size-default\">nLighten lance une plate-forme de centre de donn\u00e9es de pointe pour les entreprises en Allemagne<\/h1>\t\t\t\t<\/div>\n\t\t\t\t<\/div>\n\t\t\t\t<div class=\"elementor-element elementor-element-7baf7ab elementor-widget elementor-widget-text-editor\" data-id=\"7baf7ab\" data-element_type=\"widget\" data-e-type=\"widget\" data-widget_type=\"text-editor.default\">\n\t\t\t\t<div class=\"elementor-widget-container\">\n\t\t\t\t\t\t\t\t\t<p>Avec la plate-forme de centre de donn\u00e9es nLighten Edge, les entreprises b\u00e9n\u00e9ficient des avantages des centres de donn\u00e9es distribu\u00e9s con\u00e7us pour les g\u00e9n\u00e9rations futures<\/p>\n\t\t\t\t\t\t\t\t<\/div>\n\t\t\t\t<\/div>\n\t\t\t\t<div class=\"elementor-element elementor-element-8447b2a elementor-widget elementor-widget-image\" data-id=\"8447b2a\" data-element_type=\"widget\" data-e-type=\"widget\" data-widget_type=\"image.default\">\n\t\t\t\t<div class=\"elementor-widget-container\">\n\t\t\t\t\t\t\t\t\t\t\t\t\t\t\t<img fetchpriority=\"high\" decoding=\"async\" width=\"920\" height=\"470\" src=\"https:\/\/www.nlighten.com\/wp-content\/uploads\/2024\/05\/65536299d5842c92af160de4_logodesign-element.jpg\" class=\"attachment-large size-large wp-image-5395\" alt=\"nLighten\" srcset=\"https:\/\/www.nlighten.com\/wp-content\/uploads\/2024\/05\/65536299d5842c92af160de4_logodesign-element.jpg 920w, https:\/\/www.nlighten.com\/wp-content\/uploads\/2024\/05\/65536299d5842c92af160de4_logodesign-element-300x153.jpg 300w, https:\/\/www.nlighten.com\/wp-content\/uploads\/2024\/05\/65536299d5842c92af160de4_logodesign-element-768x392.jpg 768w\" sizes=\"(max-width: 920px) 100vw, 920px\" \/>\t\t\t\t\t\t\t\t\t\t\t\t\t\t\t<\/div>\n\t\t\t\t<\/div>\n\t\t\t\t<div class=\"elementor-element elementor-element-c874e24 elementor-widget elementor-widget-text-editor\" data-id=\"c874e24\" data-element_type=\"widget\" data-e-type=\"widget\" data-widget_type=\"text-editor.default\">\n\t\t\t\t<div class=\"elementor-widget-container\">\n\t\t\t\t\t\t\t\t\t<p><strong>F 08.02.2023<\/strong> Francfort-sur-le-Main, Allemagne. 08.02.2023 \u2014 NLighten, une soci\u00e9t\u00e9 du portefeuille d&rsquo;I Squared Capital, a annonc\u00e9 aujourd&rsquo;hui que ses centres de donn\u00e9es de pointe commenceront leurs activit\u00e9s en Allemagne cette ann\u00e9e. Avec dix sites strat\u00e9giques \u00e0 Berlin, D\u00fcsseldorf, Francfort, Hambourg, Hanovre, Cologne, Leipzig, Munich, Nuremberg et Stuttgart, les clients auront acc\u00e8s \u00e0 une plate-forme de centre de donn\u00e9es \u00e0 taille humaine \u00e0 faible latence jouissant d&rsquo;une proximit\u00e9 strat\u00e9gique avec leurs utilisateurs finaux. Les sites s\u00e9lectionn\u00e9s de nLighten sont bien adapt\u00e9s \u00e0 l&rsquo;\u00e9conomie distribu\u00e9e de l&rsquo;Allemagne avec une pr\u00e9sence locale dans les principales zones \u00e9conomiques et visent \u00e0 fournir aux utilisateurs de la r\u00e9gion une latence de 2 \u00e0 6 ms.  <\/p>\n<p>Cette plate-forme de centre de donn\u00e9es de pointe constitue une avanc\u00e9e pour les entreprises qui souhaitent rapprocher le calcul, le contenu ou les applications de leurs utilisateurs. I Squared a engag\u00e9 plus de 500 millions de dollars de fonds propres pour soutenir les plans de croissance de nLighten en Europe afin de fournir des solutions pour les applications \u00e0 faible latence existantes et \u00e9mergentes. <\/p>\n<p>\u00ab Nous sommes tr\u00e8s heureux de fournir nos services en Allemagne \u00bb, a d\u00e9clar\u00e9 Harro Beusker, PDG et cofondateur de NLighten. \u00ab Nous pensons que l&rsquo;Allemagne est l&rsquo;un des meilleurs endroits pour lancer notre plateforme de centres de donn\u00e9es de pointe, pr\u00e9sente dans tous les principaux p\u00f4les \u00e9conomiques. \u00c0 partir de l\u00e0, nous allons nous \u00e9tendre \u00e0 plusieurs autres march\u00e9s europ\u00e9ens.  <\/p>\n<p>\u00ab Le mod\u00e8le d&rsquo;infrastructure nLighten collabore avec le secteur des services publics pour soutenir la r\u00e9duction des \u00e9missions gr\u00e2ce \u00e0 la stabilisation du r\u00e9seau ainsi qu&rsquo;\u00e0 la r\u00e9cup\u00e9ration et \u00e0 l&rsquo;exportation de chaleur vers la communaut\u00e9. Cela cr\u00e9e un nouveau cycle vertueux passionnant entre l&rsquo;augmentation de la consommation de donn\u00e9es et la durabilit\u00e9 environnementale. \u00bb La cr\u00e9ation de nLighten est n\u00e9e de notre d\u00e9sir de cr\u00e9er des centres de donn\u00e9es locaux, afin de r\u00e9pondre \u00e0 l&rsquo;\u00e9volution de l&rsquo;utilisation des donn\u00e9es et des fonctions environnementales au sein de la communaut\u00e9 \u00bb, explique Chad McCarthy, directeur technique et cofondateur de nLighten.<\/p>\n\t\t\t\t\t\t\t\t<\/div>\n\t\t\t\t<\/div>\n\t\t\t\t<div class=\"elementor-element elementor-element-61d254c elementor-widget elementor-widget-heading\" data-id=\"61d254c\" data-element_type=\"widget\" data-e-type=\"widget\" data-widget_type=\"heading.default\">\n\t\t\t\t<div class=\"elementor-widget-container\">\n\t\t\t\t\t<h2 class=\"elementor-heading-title elementor-size-default\">March\u00e9s cibles et \u00e9cosyst\u00e8me<\/h2>\t\t\t\t<\/div>\n\t\t\t\t<\/div>\n\t\t\t\t<div class=\"elementor-element elementor-element-3624510 elementor-widget elementor-widget-text-editor\" data-id=\"3624510\" data-element_type=\"widget\" data-e-type=\"widget\" data-widget_type=\"text-editor.default\">\n\t\t\t\t<div class=\"elementor-widget-container\">\n\t\t\t\t\t\t\t\t\t<p>nLighten s&rsquo;adresse aux entreprises qui ont besoin d&rsquo;un centre de donn\u00e9es \u00e0 proximit\u00e9 ou de plusieurs sites en Allemagne. nLighten cr\u00e9e des liens directs entre les clients et les fournisseurs de services, permettant ainsi un march\u00e9 num\u00e9rique ouvert et \u00e9volutif fonctionnant sur son infrastructure. Cela offre aux entreprises et aux partenaires commerciaux un vaste \u00e9cosyst\u00e8me de solutions ind\u00e9pendantes des op\u00e9rateurs et ind\u00e9pendantes des fournisseurs, notamment la connectivit\u00e9 B2B, la diffusion de contenu, les r\u00e9seaux et les services cloud.  <\/p>\n<p>La soci\u00e9t\u00e9 travaille en \u00e9troite collaboration avec des partenaires industriels, tels que les op\u00e9rateurs t\u00e9l\u00e9coms, les fournisseurs de cloud et les int\u00e9grateurs de syst\u00e8mes, qui conseillent les clients de nLighten et proposent leurs services dans les centres de donn\u00e9es. Les centres de donn\u00e9es nLighten sont des places de march\u00e9 \u00e0 la fois num\u00e9riques et physiques, fournissant des bureaux et des salles de r\u00e9union modernes et confortables. <\/p>\n\t\t\t\t\t\t\t\t<\/div>\n\t\t\t\t<\/div>\n\t\t\t\t\t<\/div>\n\t\t\t\t<\/div>\n\t\t\t\t<\/div>\n\t\t","protected":false},"excerpt":{"rendered":"<p>Communiqu\u00e9 de presse Avec la plate-forme de centre de donn\u00e9es nLighten Edge, les entreprises b\u00e9n\u00e9ficient des avantages des centres de donn\u00e9es distribu\u00e9s con\u00e7us pour les g\u00e9n\u00e9rations futures F 08.02.2023 Francfort-sur-le-Main, &#8230; <a title=\"nLighten lance une plate-forme de centre de donn\u00e9es de pointe pour les entreprises en Allemagne\" class=\"read-more\" href=\"https:\/\/www.nlighten.com\/fr\/communiques-de-presse\/nlighten-lance-une-plate-forme-de-centre-de-donnees-de-pointe-pour-les-entreprises-en-allemagne\/\" aria-label=\"En savoir plus sur nLighten lance une plate-forme de centre de donn\u00e9es de pointe pour les entreprises en Allemagne\">Lire la suite<\/a><\/p>\n","protected":false},"author":2,"featured_media":0,"comment_status":"closed","ping_status":"closed","sticky":false,"template":"","format":"standard","meta":{"_acf_changed":false,"footnotes":""},"categories":[56],"tags":[],"class_list":["post-5465","post","type-post","status-publish","format-standard","hentry","category-press-release-fr"],"acf":[],"yoast_head":"<!-- This site is optimized with the Yoast SEO plugin v27.4 - https:\/\/yoast.com\/product\/yoast-seo-wordpress\/ -->\n<title>nLighten lance une plate-forme de centre de donn\u00e9es de pointe pour les entreprises en Allemagne - nLighten<\/title>\n<meta name=\"description\" content=\"nLighten lance une plate-forme de centre de donn\u00e9es de pointe pour les entreprises en Allemagne.\" \/>\n<meta name=\"robots\" content=\"index, follow, max-snippet:-1, max-image-preview:large, max-video-preview:-1\" \/>\n<link rel=\"canonical\" href=\"https:\/\/www.nlighten.com\/fr\/communiques-de-presse\/nlighten-lance-une-plate-forme-de-centre-de-donnees-de-pointe-pour-les-entreprises-en-allemagne\/\" \/>\n<meta property=\"og:locale\" content=\"fr_FR\" \/>\n<meta property=\"og:type\" content=\"article\" \/>\n<meta property=\"og:title\" content=\"nLighten lance une plate-forme de centre de donn\u00e9es de pointe pour les entreprises en Allemagne - nLighten\" \/>\n<meta property=\"og:description\" content=\"nLighten lance une plate-forme de centre de donn\u00e9es de pointe pour les entreprises en Allemagne.\" \/>\n<meta property=\"og:url\" content=\"https:\/\/www.nlighten.com\/fr\/communiques-de-presse\/nlighten-lance-une-plate-forme-de-centre-de-donnees-de-pointe-pour-les-entreprises-en-allemagne\/\" \/>\n<meta property=\"og:site_name\" content=\"nLighten\" \/>\n<meta property=\"article:published_time\" content=\"2024-05-13T20:16:01+00:00\" \/>\n<meta property=\"article:modified_time\" content=\"2025-10-08T10:48:29+00:00\" \/>\n<meta property=\"og:image\" content=\"https:\/\/www.nlighten.com\/wp-content\/uploads\/2024\/05\/65536299d5842c92af160de4_logodesign-element.jpg\" \/>\n<meta name=\"author\" content=\"BenW\" \/>\n<meta name=\"twitter:card\" content=\"summary_large_image\" \/>\n<meta name=\"twitter:label1\" content=\"\u00c9crit par\" \/>\n\t<meta name=\"twitter:data1\" content=\"BenW\" \/>\n\t<meta name=\"twitter:label2\" content=\"Dur\u00e9e de lecture estim\u00e9e\" \/>\n\t<meta name=\"twitter:data2\" content=\"3 minutes\" \/>\n<script type=\"application\/ld+json\" class=\"yoast-schema-graph\">{\"@context\":\"https:\\\/\\\/schema.org\",\"@graph\":[{\"@type\":\"Article\",\"@id\":\"https:\\\/\\\/www.nlighten.com\\\/fr\\\/communiques-de-presse\\\/nlighten-lance-une-plate-forme-de-centre-de-donnees-de-pointe-pour-les-entreprises-en-allemagne\\\/#article\",\"isPartOf\":{\"@id\":\"https:\\\/\\\/www.nlighten.com\\\/fr\\\/communiques-de-presse\\\/nlighten-lance-une-plate-forme-de-centre-de-donnees-de-pointe-pour-les-entreprises-en-allemagne\\\/\"},\"author\":{\"name\":\"BenW\",\"@id\":\"https:\\\/\\\/www.nlighten.com\\\/fr\\\/#\\\/schema\\\/person\\\/92d493fd46804f4724a5eeee6cc2dc4c\"},\"headline\":\"nLighten lance une plate-forme de centre de donn\u00e9es de pointe pour les entreprises en Allemagne\",\"datePublished\":\"2024-05-13T20:16:01+00:00\",\"dateModified\":\"2025-10-08T10:48:29+00:00\",\"mainEntityOfPage\":{\"@id\":\"https:\\\/\\\/www.nlighten.com\\\/fr\\\/communiques-de-presse\\\/nlighten-lance-une-plate-forme-de-centre-de-donnees-de-pointe-pour-les-entreprises-en-allemagne\\\/\"},\"wordCount\":580,\"publisher\":{\"@id\":\"https:\\\/\\\/www.nlighten.com\\\/fr\\\/#organization\"},\"image\":{\"@id\":\"https:\\\/\\\/www.nlighten.com\\\/fr\\\/communiques-de-presse\\\/nlighten-lance-une-plate-forme-de-centre-de-donnees-de-pointe-pour-les-entreprises-en-allemagne\\\/#primaryimage\"},\"thumbnailUrl\":\"https:\\\/\\\/www.nlighten.com\\\/wp-content\\\/uploads\\\/2024\\\/05\\\/65536299d5842c92af160de4_logodesign-element.jpg\",\"articleSection\":[\"Press Release\"],\"inLanguage\":\"fr-FR\"},{\"@type\":\"WebPage\",\"@id\":\"https:\\\/\\\/www.nlighten.com\\\/fr\\\/communiques-de-presse\\\/nlighten-lance-une-plate-forme-de-centre-de-donnees-de-pointe-pour-les-entreprises-en-allemagne\\\/\",\"url\":\"https:\\\/\\\/www.nlighten.com\\\/fr\\\/communiques-de-presse\\\/nlighten-lance-une-plate-forme-de-centre-de-donnees-de-pointe-pour-les-entreprises-en-allemagne\\\/\",\"name\":\"nLighten lance une plate-forme de centre de donn\u00e9es de pointe pour les entreprises en Allemagne - nLighten\",\"isPartOf\":{\"@id\":\"https:\\\/\\\/www.nlighten.com\\\/fr\\\/#website\"},\"primaryImageOfPage\":{\"@id\":\"https:\\\/\\\/www.nlighten.com\\\/fr\\\/communiques-de-presse\\\/nlighten-lance-une-plate-forme-de-centre-de-donnees-de-pointe-pour-les-entreprises-en-allemagne\\\/#primaryimage\"},\"image\":{\"@id\":\"https:\\\/\\\/www.nlighten.com\\\/fr\\\/communiques-de-presse\\\/nlighten-lance-une-plate-forme-de-centre-de-donnees-de-pointe-pour-les-entreprises-en-allemagne\\\/#primaryimage\"},\"thumbnailUrl\":\"https:\\\/\\\/www.nlighten.com\\\/wp-content\\\/uploads\\\/2024\\\/05\\\/65536299d5842c92af160de4_logodesign-element.jpg\",\"datePublished\":\"2024-05-13T20:16:01+00:00\",\"dateModified\":\"2025-10-08T10:48:29+00:00\",\"description\":\"nLighten lance une plate-forme de centre de donn\u00e9es de pointe pour les entreprises en Allemagne.\",\"breadcrumb\":{\"@id\":\"https:\\\/\\\/www.nlighten.com\\\/fr\\\/communiques-de-presse\\\/nlighten-lance-une-plate-forme-de-centre-de-donnees-de-pointe-pour-les-entreprises-en-allemagne\\\/#breadcrumb\"},\"inLanguage\":\"fr-FR\",\"potentialAction\":[{\"@type\":\"ReadAction\",\"target\":[\"https:\\\/\\\/www.nlighten.com\\\/fr\\\/communiques-de-presse\\\/nlighten-lance-une-plate-forme-de-centre-de-donnees-de-pointe-pour-les-entreprises-en-allemagne\\\/\"]}]},{\"@type\":\"ImageObject\",\"inLanguage\":\"fr-FR\",\"@id\":\"https:\\\/\\\/www.nlighten.com\\\/fr\\\/communiques-de-presse\\\/nlighten-lance-une-plate-forme-de-centre-de-donnees-de-pointe-pour-les-entreprises-en-allemagne\\\/#primaryimage\",\"url\":\"https:\\\/\\\/www.nlighten.com\\\/wp-content\\\/uploads\\\/2024\\\/05\\\/65536299d5842c92af160de4_logodesign-element.jpg\",\"contentUrl\":\"https:\\\/\\\/www.nlighten.com\\\/wp-content\\\/uploads\\\/2024\\\/05\\\/65536299d5842c92af160de4_logodesign-element.jpg\"},{\"@type\":\"BreadcrumbList\",\"@id\":\"https:\\\/\\\/www.nlighten.com\\\/fr\\\/communiques-de-presse\\\/nlighten-lance-une-plate-forme-de-centre-de-donnees-de-pointe-pour-les-entreprises-en-allemagne\\\/#breadcrumb\",\"itemListElement\":[{\"@type\":\"ListItem\",\"position\":1,\"name\":\"Home\",\"item\":\"https:\\\/\\\/www.nlighten.com\\\/fr\\\/\"},{\"@type\":\"ListItem\",\"position\":2,\"name\":\"nLighten lance une plate-forme de centre de donn\u00e9es de pointe pour les entreprises en Allemagne\"}]},{\"@type\":\"WebSite\",\"@id\":\"https:\\\/\\\/www.nlighten.com\\\/fr\\\/#website\",\"url\":\"https:\\\/\\\/www.nlighten.com\\\/fr\\\/\",\"name\":\"nLighten\",\"description\":\"\",\"publisher\":{\"@id\":\"https:\\\/\\\/www.nlighten.com\\\/fr\\\/#organization\"},\"potentialAction\":[{\"@type\":\"SearchAction\",\"target\":{\"@type\":\"EntryPoint\",\"urlTemplate\":\"https:\\\/\\\/www.nlighten.com\\\/fr\\\/?s={search_term_string}\"},\"query-input\":{\"@type\":\"PropertyValueSpecification\",\"valueRequired\":true,\"valueName\":\"search_term_string\"}}],\"inLanguage\":\"fr-FR\"},{\"@type\":\"Organization\",\"@id\":\"https:\\\/\\\/www.nlighten.com\\\/fr\\\/#organization\",\"name\":\"nLighten\",\"url\":\"https:\\\/\\\/www.nlighten.com\\\/fr\\\/\",\"logo\":{\"@type\":\"ImageObject\",\"inLanguage\":\"fr-FR\",\"@id\":\"https:\\\/\\\/www.nlighten.com\\\/fr\\\/#\\\/schema\\\/logo\\\/image\\\/\",\"url\":\"https:\\\/\\\/www.nlighten.com\\\/wp-content\\\/uploads\\\/2024\\\/05\\\/nlighten_logo_green_bg.png\",\"contentUrl\":\"https:\\\/\\\/www.nlighten.com\\\/wp-content\\\/uploads\\\/2024\\\/05\\\/nlighten_logo_green_bg.png\",\"width\":696,\"height\":696,\"caption\":\"nLighten\"},\"image\":{\"@id\":\"https:\\\/\\\/www.nlighten.com\\\/fr\\\/#\\\/schema\\\/logo\\\/image\\\/\"},\"sameAs\":[\"https:\\\/\\\/www.linkedin.com\\\/company\\\/nlighten-datacenters\\\/\"]},{\"@type\":\"Person\",\"@id\":\"https:\\\/\\\/www.nlighten.com\\\/fr\\\/#\\\/schema\\\/person\\\/92d493fd46804f4724a5eeee6cc2dc4c\",\"name\":\"BenW\",\"image\":{\"@type\":\"ImageObject\",\"inLanguage\":\"fr-FR\",\"@id\":\"https:\\\/\\\/secure.gravatar.com\\\/avatar\\\/1b6e12f31b92f49c2d071d54261b3803570b443b8226349fec0c1d7f4ef51e5f?s=96&d=mm&r=g\",\"url\":\"https:\\\/\\\/secure.gravatar.com\\\/avatar\\\/1b6e12f31b92f49c2d071d54261b3803570b443b8226349fec0c1d7f4ef51e5f?s=96&d=mm&r=g\",\"contentUrl\":\"https:\\\/\\\/secure.gravatar.com\\\/avatar\\\/1b6e12f31b92f49c2d071d54261b3803570b443b8226349fec0c1d7f4ef51e5f?s=96&d=mm&r=g\",\"caption\":\"BenW\"},\"url\":\"https:\\\/\\\/www.nlighten.com\\\/fr\\\/author\\\/benw\\\/\"}]}<\/script>\n<!-- \/ Yoast SEO plugin. -->","yoast_head_json":{"title":"nLighten lance une plate-forme de centre de donn\u00e9es de pointe pour les entreprises en Allemagne - nLighten","description":"nLighten lance une plate-forme de centre de donn\u00e9es de pointe pour les entreprises en Allemagne.","robots":{"index":"index","follow":"follow","max-snippet":"max-snippet:-1","max-image-preview":"max-image-preview:large","max-video-preview":"max-video-preview:-1"},"canonical":"https:\/\/www.nlighten.com\/fr\/communiques-de-presse\/nlighten-lance-une-plate-forme-de-centre-de-donnees-de-pointe-pour-les-entreprises-en-allemagne\/","og_locale":"fr_FR","og_type":"article","og_title":"nLighten lance une plate-forme de centre de donn\u00e9es de pointe pour les entreprises en Allemagne - nLighten","og_description":"nLighten lance une plate-forme de centre de donn\u00e9es de pointe pour les entreprises en Allemagne.","og_url":"https:\/\/www.nlighten.com\/fr\/communiques-de-presse\/nlighten-lance-une-plate-forme-de-centre-de-donnees-de-pointe-pour-les-entreprises-en-allemagne\/","og_site_name":"nLighten","article_published_time":"2024-05-13T20:16:01+00:00","article_modified_time":"2025-10-08T10:48:29+00:00","og_image":[{"url":"https:\/\/www.nlighten.com\/wp-content\/uploads\/2024\/05\/65536299d5842c92af160de4_logodesign-element.jpg","type":"","width":"","height":""}],"author":"BenW","twitter_card":"summary_large_image","twitter_misc":{"\u00c9crit par":"BenW","Dur\u00e9e de lecture estim\u00e9e":"3 minutes"},"schema":{"@context":"https:\/\/schema.org","@graph":[{"@type":"Article","@id":"https:\/\/www.nlighten.com\/fr\/communiques-de-presse\/nlighten-lance-une-plate-forme-de-centre-de-donnees-de-pointe-pour-les-entreprises-en-allemagne\/#article","isPartOf":{"@id":"https:\/\/www.nlighten.com\/fr\/communiques-de-presse\/nlighten-lance-une-plate-forme-de-centre-de-donnees-de-pointe-pour-les-entreprises-en-allemagne\/"},"author":{"name":"BenW","@id":"https:\/\/www.nlighten.com\/fr\/#\/schema\/person\/92d493fd46804f4724a5eeee6cc2dc4c"},"headline":"nLighten lance une plate-forme de centre de donn\u00e9es de pointe pour les entreprises en Allemagne","datePublished":"2024-05-13T20:16:01+00:00","dateModified":"2025-10-08T10:48:29+00:00","mainEntityOfPage":{"@id":"https:\/\/www.nlighten.com\/fr\/communiques-de-presse\/nlighten-lance-une-plate-forme-de-centre-de-donnees-de-pointe-pour-les-entreprises-en-allemagne\/"},"wordCount":580,"publisher":{"@id":"https:\/\/www.nlighten.com\/fr\/#organization"},"image":{"@id":"https:\/\/www.nlighten.com\/fr\/communiques-de-presse\/nlighten-lance-une-plate-forme-de-centre-de-donnees-de-pointe-pour-les-entreprises-en-allemagne\/#primaryimage"},"thumbnailUrl":"https:\/\/www.nlighten.com\/wp-content\/uploads\/2024\/05\/65536299d5842c92af160de4_logodesign-element.jpg","articleSection":["Press Release"],"inLanguage":"fr-FR"},{"@type":"WebPage","@id":"https:\/\/www.nlighten.com\/fr\/communiques-de-presse\/nlighten-lance-une-plate-forme-de-centre-de-donnees-de-pointe-pour-les-entreprises-en-allemagne\/","url":"https:\/\/www.nlighten.com\/fr\/communiques-de-presse\/nlighten-lance-une-plate-forme-de-centre-de-donnees-de-pointe-pour-les-entreprises-en-allemagne\/","name":"nLighten lance une plate-forme de centre de donn\u00e9es de pointe pour les entreprises en Allemagne - nLighten","isPartOf":{"@id":"https:\/\/www.nlighten.com\/fr\/#website"},"primaryImageOfPage":{"@id":"https:\/\/www.nlighten.com\/fr\/communiques-de-presse\/nlighten-lance-une-plate-forme-de-centre-de-donnees-de-pointe-pour-les-entreprises-en-allemagne\/#primaryimage"},"image":{"@id":"https:\/\/www.nlighten.com\/fr\/communiques-de-presse\/nlighten-lance-une-plate-forme-de-centre-de-donnees-de-pointe-pour-les-entreprises-en-allemagne\/#primaryimage"},"thumbnailUrl":"https:\/\/www.nlighten.com\/wp-content\/uploads\/2024\/05\/65536299d5842c92af160de4_logodesign-element.jpg","datePublished":"2024-05-13T20:16:01+00:00","dateModified":"2025-10-08T10:48:29+00:00","description":"nLighten lance une plate-forme de centre de donn\u00e9es de pointe pour les entreprises en Allemagne.","breadcrumb":{"@id":"https:\/\/www.nlighten.com\/fr\/communiques-de-presse\/nlighten-lance-une-plate-forme-de-centre-de-donnees-de-pointe-pour-les-entreprises-en-allemagne\/#breadcrumb"},"inLanguage":"fr-FR","potentialAction":[{"@type":"ReadAction","target":["https:\/\/www.nlighten.com\/fr\/communiques-de-presse\/nlighten-lance-une-plate-forme-de-centre-de-donnees-de-pointe-pour-les-entreprises-en-allemagne\/"]}]},{"@type":"ImageObject","inLanguage":"fr-FR","@id":"https:\/\/www.nlighten.com\/fr\/communiques-de-presse\/nlighten-lance-une-plate-forme-de-centre-de-donnees-de-pointe-pour-les-entreprises-en-allemagne\/#primaryimage","url":"https:\/\/www.nlighten.com\/wp-content\/uploads\/2024\/05\/65536299d5842c92af160de4_logodesign-element.jpg","contentUrl":"https:\/\/www.nlighten.com\/wp-content\/uploads\/2024\/05\/65536299d5842c92af160de4_logodesign-element.jpg"},{"@type":"BreadcrumbList","@id":"https:\/\/www.nlighten.com\/fr\/communiques-de-presse\/nlighten-lance-une-plate-forme-de-centre-de-donnees-de-pointe-pour-les-entreprises-en-allemagne\/#breadcrumb","itemListElement":[{"@type":"ListItem","position":1,"name":"Home","item":"https:\/\/www.nlighten.com\/fr\/"},{"@type":"ListItem","position":2,"name":"nLighten lance une plate-forme de centre de donn\u00e9es de pointe pour les entreprises en Allemagne"}]},{"@type":"WebSite","@id":"https:\/\/www.nlighten.com\/fr\/#website","url":"https:\/\/www.nlighten.com\/fr\/","name":"nLighten","description":"","publisher":{"@id":"https:\/\/www.nlighten.com\/fr\/#organization"},"potentialAction":[{"@type":"SearchAction","target":{"@type":"EntryPoint","urlTemplate":"https:\/\/www.nlighten.com\/fr\/?s={search_term_string}"},"query-input":{"@type":"PropertyValueSpecification","valueRequired":true,"valueName":"search_term_string"}}],"inLanguage":"fr-FR"},{"@type":"Organization","@id":"https:\/\/www.nlighten.com\/fr\/#organization","name":"nLighten","url":"https:\/\/www.nlighten.com\/fr\/","logo":{"@type":"ImageObject","inLanguage":"fr-FR","@id":"https:\/\/www.nlighten.com\/fr\/#\/schema\/logo\/image\/","url":"https:\/\/www.nlighten.com\/wp-content\/uploads\/2024\/05\/nlighten_logo_green_bg.png","contentUrl":"https:\/\/www.nlighten.com\/wp-content\/uploads\/2024\/05\/nlighten_logo_green_bg.png","width":696,"height":696,"caption":"nLighten"},"image":{"@id":"https:\/\/www.nlighten.com\/fr\/#\/schema\/logo\/image\/"},"sameAs":["https:\/\/www.linkedin.com\/company\/nlighten-datacenters\/"]},{"@type":"Person","@id":"https:\/\/www.nlighten.com\/fr\/#\/schema\/person\/92d493fd46804f4724a5eeee6cc2dc4c","name":"BenW","image":{"@type":"ImageObject","inLanguage":"fr-FR","@id":"https:\/\/secure.gravatar.com\/avatar\/1b6e12f31b92f49c2d071d54261b3803570b443b8226349fec0c1d7f4ef51e5f?s=96&d=mm&r=g","url":"https:\/\/secure.gravatar.com\/avatar\/1b6e12f31b92f49c2d071d54261b3803570b443b8226349fec0c1d7f4ef51e5f?s=96&d=mm&r=g","contentUrl":"https:\/\/secure.gravatar.com\/avatar\/1b6e12f31b92f49c2d071d54261b3803570b443b8226349fec0c1d7f4ef51e5f?s=96&d=mm&r=g","caption":"BenW"},"url":"https:\/\/www.nlighten.com\/fr\/author\/benw\/"}]}},"publishpress_future_workflow_manual_trigger":{"enabledWorkflows":[]},"_links":{"self":[{"href":"https:\/\/www.nlighten.com\/fr\/wp-json\/wp\/v2\/posts\/5465","targetHints":{"allow":["GET"]}}],"collection":[{"href":"https:\/\/www.nlighten.com\/fr\/wp-json\/wp\/v2\/posts"}],"about":[{"href":"https:\/\/www.nlighten.com\/fr\/wp-json\/wp\/v2\/types\/post"}],"author":[{"embeddable":true,"href":"https:\/\/www.nlighten.com\/fr\/wp-json\/wp\/v2\/users\/2"}],"replies":[{"embeddable":true,"href":"https:\/\/www.nlighten.com\/fr\/wp-json\/wp\/v2\/comments?post=5465"}],"version-history":[{"count":0,"href":"https:\/\/www.nlighten.com\/fr\/wp-json\/wp\/v2\/posts\/5465\/revisions"}],"wp:attachment":[{"href":"https:\/\/www.nlighten.com\/fr\/wp-json\/wp\/v2\/media?parent=5465"}],"wp:term":[{"taxonomy":"category","embeddable":true,"href":"https:\/\/www.nlighten.com\/fr\/wp-json\/wp\/v2\/categories?post=5465"},{"taxonomy":"post_tag","embeddable":true,"href":"https:\/\/www.nlighten.com\/fr\/wp-json\/wp\/v2\/tags?post=5465"}],"curies":[{"name":"wp","href":"https:\/\/api.w.org\/{rel}","templated":true}]}}