{"id":21176,"date":"2025-11-26T11:23:51","date_gmt":"2025-11-26T11:23:51","guid":{"rendered":"https:\/\/www.nlighten.com\/un-nouvel-accord-energetique-renforce-la-transparence-en-matiere-denergies-renouvelables-dans-les-operations-du-centre-de-donnees-francais-de-nlighten\/"},"modified":"2025-11-26T11:32:59","modified_gmt":"2025-11-26T11:32:59","slug":"un-nouvel-accord-energetique-renforce-la-transparence-en-matiere-denergies-renouvelables-dans-les-operations-du-centre-de-donnees-francais-de-nlighten","status":"publish","type":"post","link":"https:\/\/www.nlighten.com\/fr\/communiques-de-presse\/un-nouvel-accord-energetique-renforce-la-transparence-en-matiere-denergies-renouvelables-dans-les-operations-du-centre-de-donnees-francais-de-nlighten\/","title":{"rendered":"Un nouvel accord \u00e9nerg\u00e9tique renforce la transparence en mati\u00e8re d&rsquo;\u00e9nergies renouvelables dans les op\u00e9rations du centre de donn\u00e9es fran\u00e7ais de nLighten"},"content":{"rendered":"\t\t<div data-elementor-type=\"wp-post\" data-elementor-id=\"21176\" class=\"elementor elementor-21176 elementor-21162\" data-elementor-post-type=\"post\">\n\t\t\t\t<div class=\"elementor-element elementor-element-9f455fe e-flex e-con-boxed e-con e-parent\" data-id=\"9f455fe\" data-element_type=\"container\" data-e-type=\"container\">\n\t\t\t\t\t<div class=\"e-con-inner\">\n\t\t\t\t<div class=\"elementor-element elementor-element-899e8ec elementor-widget elementor-widget-heading\" data-id=\"899e8ec\" data-element_type=\"widget\" data-e-type=\"widget\" data-widget_type=\"heading.default\">\n\t\t\t\t<div class=\"elementor-widget-container\">\n\t\t\t\t\t<h2 class=\"elementor-heading-title elementor-size-default\">Communiqu\u00e9 de presse<\/h2>\t\t\t\t<\/div>\n\t\t\t\t<\/div>\n\t\t\t\t<div class=\"elementor-element elementor-element-7074187 elementor-widget elementor-widget-heading\" data-id=\"7074187\" data-element_type=\"widget\" data-e-type=\"widget\" data-widget_type=\"heading.default\">\n\t\t\t\t<div class=\"elementor-widget-container\">\n\t\t\t\t\t<h1 class=\"elementor-heading-title elementor-size-default\">Un nouvel accord \u00e9nerg\u00e9tique renforce la transparence en mati\u00e8re d'\u00e9nergies renouvelables dans les op\u00e9rations du centre de donn\u00e9es fran\u00e7ais de nLighten<\/h1>\t\t\t\t<\/div>\n\t\t\t\t<\/div>\n\t\t\t\t<div class=\"elementor-element elementor-element-c2d7bb2 elementor-widget elementor-widget-heading\" data-id=\"c2d7bb2\" data-element_type=\"widget\" data-e-type=\"widget\" data-widget_type=\"heading.default\">\n\t\t\t\t<div class=\"elementor-widget-container\">\n\t\t\t\t\t<h2 class=\"elementor-heading-title elementor-size-default\">nLighten a conclu un nouvel accord d'approvisionnement en \u00e9nergie renouvelable couvrant l'ensemble de ses centres de donn\u00e9es en France.<\/h2>\t\t\t\t<\/div>\n\t\t\t\t<\/div>\n\t\t<div class=\"elementor-element elementor-element-8ef40a5 e-con-full e-flex e-con e-child\" data-id=\"8ef40a5\" data-element_type=\"container\" data-e-type=\"container\">\n\t\t\t\t<div class=\"elementor-element elementor-element-d00a6e4 elementor-widget__width-auto elementor-widget elementor-widget-image\" data-id=\"d00a6e4\" data-element_type=\"widget\" data-e-type=\"widget\" data-widget_type=\"image.default\">\n\t\t\t\t<div class=\"elementor-widget-container\">\n\t\t\t\t\t\t\t\t\t\t\t\t\t\t\t<img fetchpriority=\"high\" decoding=\"async\" width=\"1024\" height=\"576\" src=\"https:\/\/www.nlighten.com\/wp-content\/uploads\/2025\/11\/press-release-french-energy-opt-1024x576.png\" class=\"attachment-large size-large wp-image-21170\" alt=\"Wind Turbine\" srcset=\"https:\/\/www.nlighten.com\/wp-content\/uploads\/2025\/11\/press-release-french-energy-opt-1024x576.png 1024w, https:\/\/www.nlighten.com\/wp-content\/uploads\/2025\/11\/press-release-french-energy-opt-300x169.png 300w, https:\/\/www.nlighten.com\/wp-content\/uploads\/2025\/11\/press-release-french-energy-opt-150x84.png 150w, https:\/\/www.nlighten.com\/wp-content\/uploads\/2025\/11\/press-release-french-energy-opt-768x432.png 768w, https:\/\/www.nlighten.com\/wp-content\/uploads\/2025\/11\/press-release-french-energy-opt.png 1200w\" sizes=\"(max-width: 1024px) 100vw, 1024px\" \/>\t\t\t\t\t\t\t\t\t\t\t\t\t\t\t<\/div>\n\t\t\t\t<\/div>\n\t\t\t\t<\/div>\n\t\t\t\t<div class=\"elementor-element elementor-element-203ebc9 elementor-widget elementor-widget-text-editor\" data-id=\"203ebc9\" data-element_type=\"widget\" data-e-type=\"widget\" data-widget_type=\"text-editor.default\">\n\t\t\t\t<div class=\"elementor-widget-container\">\n\t\t\t\t\t\t\t\t\t<p>Cet accord tripartite innovant, qui entrera en vigueur le 1er janvier 2026, marque un changement significatif dans la mani\u00e8re dont nLighten s&rsquo;approvisionne en \u00e9lectricit\u00e9 sur le march\u00e9 fran\u00e7ais et s&rsquo;inscrit dans la continuit\u00e9 de la strat\u00e9gie de l&rsquo;entreprise visant \u00e0 \u00e9tablir des partenariats transparents et tra\u00e7ables dans le domaine des \u00e9nergies renouvelables \u00e0 travers l&rsquo;Europe.<br><br>Contrairement aux contrats d&rsquo;approvisionnement traditionnels, cet accord permet \u00e0 nLighten de surveiller sa consommation d&rsquo;\u00e9nergie renouvelable avec une granularit\u00e9 exceptionnelle, en suivant la production horaire de parcs \u00e9oliens sp\u00e9cifiques.<br><br><strong>Un mod\u00e8le de partenariat tripartite<\/strong><br>Le nouvel accord implique Axpo, le plus grand producteur d&rsquo;\u00e9lectricit\u00e9 de Suisse et leader international dans le n\u00e9goce d&rsquo;\u00e9nergie et la commercialisation d&rsquo;\u00e9nergie solaire et \u00e9olienne, ainsi qu&rsquo;un producteur d&rsquo;\u00e9lectricit\u00e9 ind\u00e9pendant (IPP). En vertu de cet accord, Axpo fournit l&rsquo;approvisionnement \u00e9lectrique standard aux installations fran\u00e7aises de nLighten, tout en assumant la responsabilit\u00e9 de la production d&rsquo;\u00e9nergie renouvelable provenant du portefeuille \u00e9olien de l&rsquo;IPP, qui est ensuite attribu\u00e9e \u00e0 nLighten. Cette structure permet \u00e0 Axpo d&rsquo;intervenir lorsque la production \u00e9olienne est insuffisante, garantissant ainsi un approvisionnement \u00e9lectrique continu aux activit\u00e9s de nLighten, tandis que l&rsquo;IPP assure un suivi d\u00e9di\u00e9 de la production d&rsquo;\u00e9nergie renouvelable.  <br><br><strong>Granularit\u00e9 horaire et transparence au niveau des actifs<\/strong><br>Ce partenariat offre \u00e0 nLighten des informations d\u00e9taill\u00e9es, au niveau des actifs, sur son approvisionnement en \u00e9nergie renouvelable. Plut\u00f4t que de se fier uniquement aux donn\u00e9es publiques sur la composition du r\u00e9seau ou d&rsquo;acheter a posteriori des certificats annuels d&rsquo;\u00e9nergie renouvelable, nLighten peut d\u00e9sormais identifier les actifs \u00e9oliens sp\u00e9cifiques qui produisent de l&rsquo;\u00e9nergie sans carbone pour ses activit\u00e9s, sur une base horaire. <br><br><em>\u00ab Ce partenariat repr\u00e9sente une opportunit\u00e9 de changer fondamentalement notre approche de l&rsquo;approvisionnement \u00e9nerg\u00e9tique en France \u00bb<\/em>, a d\u00e9clar\u00e9 <strong>Francesco Marasco, vice-pr\u00e9sident des op\u00e9rations \u00e9nerg\u00e9tiques et du d\u00e9veloppement durable chez nLighten<\/strong>. <em>\u00ab Si le r\u00e9seau fran\u00e7ais b\u00e9n\u00e9ficie d\u00e9j\u00e0 d&rsquo;une production nucl\u00e9aire sans carbone importante, cet accord nous permet de savoir exactement d&rsquo;o\u00f9 provient notre \u00e9nergie renouvelable. Il nous aide \u00e0 maintenir la transparence et le contr\u00f4le sur notre approvisionnement \u00e9nerg\u00e9tique, nous prot\u00e9geant ainsi des changements potentiels dans la composition du r\u00e9seau. \u00bb<\/em><br><br><strong>Innovation en France<\/strong><br>La structure de cet accord, bien que relativement courante sur des march\u00e9s tels que le Royaume-Uni et l&rsquo;Allemagne, repr\u00e9sente une innovation significative sur le march\u00e9 fran\u00e7ais de l&rsquo;\u00e9nergie. Le mod\u00e8le tripartite d\u00e9montre comment des structures d&rsquo;approvisionnement flexibles peuvent coexister avec un approvisionnement de base fiable. <br><br><strong>Matthieu Espinas, Senior Originator chez Axpo, a d\u00e9clar\u00e9<\/strong> : <em>\u00ab Nous sommes fiers de soutenir les objectifs ambitieux de nLighten en mati\u00e8re de d\u00e9veloppement durable gr\u00e2ce \u00e0 ce mod\u00e8le d&rsquo;approvisionnement innovant. En combinant la fiabilit\u00e9 de l&rsquo;approvisionnement \u00e9nerg\u00e9tique traditionnel avec un suivi transparent de la production d&rsquo;\u00e9nergie renouvelable, nous contribuons \u00e0 instaurer un nouveau niveau de responsabilit\u00e9 sur le march\u00e9 fran\u00e7ais des centres de donn\u00e9es. Ce partenariat d\u00e9montre que des solutions \u00e9nerg\u00e9tiques flexibles et transparentes sont non seulement possibles, mais \u00e9galement viables sur le plan commercial en France. \u00bb<\/em><br><br><strong>Une partie d&rsquo;une strat\u00e9gie paneurop\u00e9enne<\/strong><br>Ce mod\u00e8le s&rsquo;appuie sur des accords similaires conclus par nLighten \u00e0 travers l&rsquo;Europe. L&rsquo;entreprise a mis en place des structures comparables en Espagne avec Shell et au Royaume-Uni avec Conrad Energy, chaque partenariat \u00e9tant adapt\u00e9 aux conditions du march\u00e9 local tout en conservant le principe fondamental du suivi granulaire de l&rsquo;\u00e9nergie renouvelable. <br><br>L&rsquo;accord fran\u00e7ais t\u00e9moigne de la strat\u00e9gie d&rsquo;approvisionnement coh\u00e9rente de nLighten : passer de l&rsquo;achat annuel de certificats d&rsquo;\u00e9nergie renouvelable \u00e0 un suivi en temps r\u00e9el de l&rsquo;\u00e9nergie renouvelable au niveau des actifs, qui garantit \u00e0 la fois transparence et responsabilit\u00e9.<br><br>En \u00e9tablissant des partenariats dans le domaine des \u00e9nergies renouvelables avec des capacit\u00e9s de suivi granulaire dans l&rsquo;ensemble de son portefeuille europ\u00e9en, nLighten continue de fixer de nouvelles r\u00e9f\u00e9rences en mati\u00e8re de transparence dans l&rsquo;approvisionnement \u00e9nerg\u00e9tique des centres de donn\u00e9es, contribuant ainsi \u00e0 faire progresser les normes industrielles en mati\u00e8re d&rsquo;infrastructures num\u00e9riques durables.<\/p>\t\t\t\t\t\t\t\t<\/div>\n\t\t\t\t<\/div>\n\t\t\t\t\t<\/div>\n\t\t\t\t<\/div>\n\t\t\t\t<\/div>\n\t\t","protected":false},"excerpt":{"rendered":"<p>Communiqu\u00e9 de presse Un nouvel accord \u00e9nerg\u00e9tique renforce la transparence en mati\u00e8re d&rsquo;\u00e9nergies renouvelables dans les op\u00e9rations du centre de donn\u00e9es fran\u00e7ais de nLighten nLighten a conclu un nouvel accord &#8230; <a title=\"Un nouvel accord \u00e9nerg\u00e9tique renforce la transparence en mati\u00e8re d&rsquo;\u00e9nergies renouvelables dans les op\u00e9rations du centre de donn\u00e9es fran\u00e7ais de nLighten\" class=\"read-more\" href=\"https:\/\/www.nlighten.com\/fr\/communiques-de-presse\/un-nouvel-accord-energetique-renforce-la-transparence-en-matiere-denergies-renouvelables-dans-les-operations-du-centre-de-donnees-francais-de-nlighten\/\" aria-label=\"En savoir plus sur Un nouvel accord \u00e9nerg\u00e9tique renforce la transparence en mati\u00e8re d&rsquo;\u00e9nergies renouvelables dans les op\u00e9rations du centre de donn\u00e9es fran\u00e7ais de nLighten\">Lire la suite<\/a><\/p>\n","protected":false},"author":2,"featured_media":20423,"comment_status":"closed","ping_status":"closed","sticky":false,"template":"","format":"standard","meta":{"_acf_changed":false,"footnotes":""},"categories":[56],"tags":[],"class_list":["post-21176","post","type-post","status-publish","format-standard","has-post-thumbnail","hentry","category-press-release-fr"],"acf":[],"yoast_head":"<!-- This site is optimized with the Yoast SEO plugin v27.4 - https:\/\/yoast.com\/product\/yoast-seo-wordpress\/ -->\n<title>Un nouvel accord \u00e9nerg\u00e9tique renforce la transparence en mati\u00e8re d&#039;\u00e9nergies renouvelables dans les op\u00e9rations du centre de donn\u00e9es fran\u00e7ais de nLighten<\/title>\n<meta name=\"description\" content=\"Un nouvel accord \u00e9nerg\u00e9tique renforce la transparence en mati\u00e8re d&#039;\u00e9nergies renouvelables dans les op\u00e9rations du centre de donn\u00e9es fran\u00e7ais de nLighten\" \/>\n<meta name=\"robots\" content=\"index, follow, max-snippet:-1, max-image-preview:large, max-video-preview:-1\" \/>\n<link rel=\"canonical\" href=\"https:\/\/www.nlighten.com\/fr\/communiques-de-presse\/un-nouvel-accord-energetique-renforce-la-transparence-en-matiere-denergies-renouvelables-dans-les-operations-du-centre-de-donnees-francais-de-nlighten\/\" \/>\n<meta property=\"og:locale\" content=\"fr_FR\" \/>\n<meta property=\"og:type\" content=\"article\" \/>\n<meta property=\"og:title\" content=\"Un nouvel accord \u00e9nerg\u00e9tique renforce la transparence en mati\u00e8re d&#039;\u00e9nergies renouvelables dans les op\u00e9rations du centre de donn\u00e9es fran\u00e7ais de nLighten\" \/>\n<meta property=\"og:description\" content=\"Un nouvel accord \u00e9nerg\u00e9tique renforce la transparence en mati\u00e8re d&#039;\u00e9nergies renouvelables dans les op\u00e9rations du centre de donn\u00e9es fran\u00e7ais de nLighten\" \/>\n<meta property=\"og:url\" content=\"https:\/\/www.nlighten.com\/fr\/communiques-de-presse\/un-nouvel-accord-energetique-renforce-la-transparence-en-matiere-denergies-renouvelables-dans-les-operations-du-centre-de-donnees-francais-de-nlighten\/\" \/>\n<meta property=\"og:site_name\" content=\"nLighten\" \/>\n<meta property=\"article:published_time\" content=\"2025-11-26T11:23:51+00:00\" \/>\n<meta property=\"article:modified_time\" content=\"2025-11-26T11:32:59+00:00\" \/>\n<meta property=\"og:image\" content=\"https:\/\/www.nlighten.com\/wp-content\/uploads\/2025\/10\/press-release_ICFEn_ICFEn-Icon-1.png\" \/>\n\t<meta property=\"og:image:width\" content=\"1200\" \/>\n\t<meta property=\"og:image:height\" content=\"675\" \/>\n\t<meta property=\"og:image:type\" content=\"image\/png\" \/>\n<meta name=\"author\" content=\"BenW\" \/>\n<meta name=\"twitter:card\" content=\"summary_large_image\" \/>\n<meta name=\"twitter:label1\" content=\"\u00c9crit par\" \/>\n\t<meta name=\"twitter:data1\" content=\"BenW\" \/>\n\t<meta name=\"twitter:label2\" content=\"Dur\u00e9e de lecture estim\u00e9e\" \/>\n\t<meta name=\"twitter:data2\" content=\"4 minutes\" \/>\n<script type=\"application\/ld+json\" class=\"yoast-schema-graph\">{\"@context\":\"https:\\\/\\\/schema.org\",\"@graph\":[{\"@type\":\"Article\",\"@id\":\"https:\\\/\\\/www.nlighten.com\\\/fr\\\/communiques-de-presse\\\/un-nouvel-accord-energetique-renforce-la-transparence-en-matiere-denergies-renouvelables-dans-les-operations-du-centre-de-donnees-francais-de-nlighten\\\/#article\",\"isPartOf\":{\"@id\":\"https:\\\/\\\/www.nlighten.com\\\/fr\\\/communiques-de-presse\\\/un-nouvel-accord-energetique-renforce-la-transparence-en-matiere-denergies-renouvelables-dans-les-operations-du-centre-de-donnees-francais-de-nlighten\\\/\"},\"author\":{\"name\":\"BenW\",\"@id\":\"https:\\\/\\\/www.nlighten.com\\\/fr\\\/#\\\/schema\\\/person\\\/92d493fd46804f4724a5eeee6cc2dc4c\"},\"headline\":\"Un nouvel accord \u00e9nerg\u00e9tique renforce la transparence en mati\u00e8re d&rsquo;\u00e9nergies renouvelables dans les op\u00e9rations du centre de donn\u00e9es fran\u00e7ais de nLighten\",\"datePublished\":\"2025-11-26T11:23:51+00:00\",\"dateModified\":\"2025-11-26T11:32:59+00:00\",\"mainEntityOfPage\":{\"@id\":\"https:\\\/\\\/www.nlighten.com\\\/fr\\\/communiques-de-presse\\\/un-nouvel-accord-energetique-renforce-la-transparence-en-matiere-denergies-renouvelables-dans-les-operations-du-centre-de-donnees-francais-de-nlighten\\\/\"},\"wordCount\":799,\"publisher\":{\"@id\":\"https:\\\/\\\/www.nlighten.com\\\/fr\\\/#organization\"},\"image\":{\"@id\":\"https:\\\/\\\/www.nlighten.com\\\/fr\\\/communiques-de-presse\\\/un-nouvel-accord-energetique-renforce-la-transparence-en-matiere-denergies-renouvelables-dans-les-operations-du-centre-de-donnees-francais-de-nlighten\\\/#primaryimage\"},\"thumbnailUrl\":\"https:\\\/\\\/www.nlighten.com\\\/wp-content\\\/uploads\\\/2025\\\/10\\\/press-release_ICFEn_ICFEn-Icon-1.png\",\"articleSection\":[\"Press Release\"],\"inLanguage\":\"fr-FR\"},{\"@type\":\"WebPage\",\"@id\":\"https:\\\/\\\/www.nlighten.com\\\/fr\\\/communiques-de-presse\\\/un-nouvel-accord-energetique-renforce-la-transparence-en-matiere-denergies-renouvelables-dans-les-operations-du-centre-de-donnees-francais-de-nlighten\\\/\",\"url\":\"https:\\\/\\\/www.nlighten.com\\\/fr\\\/communiques-de-presse\\\/un-nouvel-accord-energetique-renforce-la-transparence-en-matiere-denergies-renouvelables-dans-les-operations-du-centre-de-donnees-francais-de-nlighten\\\/\",\"name\":\"Un nouvel accord \u00e9nerg\u00e9tique renforce la transparence en mati\u00e8re d'\u00e9nergies renouvelables dans les op\u00e9rations du centre de donn\u00e9es fran\u00e7ais de nLighten\",\"isPartOf\":{\"@id\":\"https:\\\/\\\/www.nlighten.com\\\/fr\\\/#website\"},\"primaryImageOfPage\":{\"@id\":\"https:\\\/\\\/www.nlighten.com\\\/fr\\\/communiques-de-presse\\\/un-nouvel-accord-energetique-renforce-la-transparence-en-matiere-denergies-renouvelables-dans-les-operations-du-centre-de-donnees-francais-de-nlighten\\\/#primaryimage\"},\"image\":{\"@id\":\"https:\\\/\\\/www.nlighten.com\\\/fr\\\/communiques-de-presse\\\/un-nouvel-accord-energetique-renforce-la-transparence-en-matiere-denergies-renouvelables-dans-les-operations-du-centre-de-donnees-francais-de-nlighten\\\/#primaryimage\"},\"thumbnailUrl\":\"https:\\\/\\\/www.nlighten.com\\\/wp-content\\\/uploads\\\/2025\\\/10\\\/press-release_ICFEn_ICFEn-Icon-1.png\",\"datePublished\":\"2025-11-26T11:23:51+00:00\",\"dateModified\":\"2025-11-26T11:32:59+00:00\",\"description\":\"Un nouvel accord \u00e9nerg\u00e9tique renforce la transparence en mati\u00e8re d'\u00e9nergies renouvelables dans les op\u00e9rations du centre de donn\u00e9es fran\u00e7ais de nLighten\",\"breadcrumb\":{\"@id\":\"https:\\\/\\\/www.nlighten.com\\\/fr\\\/communiques-de-presse\\\/un-nouvel-accord-energetique-renforce-la-transparence-en-matiere-denergies-renouvelables-dans-les-operations-du-centre-de-donnees-francais-de-nlighten\\\/#breadcrumb\"},\"inLanguage\":\"fr-FR\",\"potentialAction\":[{\"@type\":\"ReadAction\",\"target\":[\"https:\\\/\\\/www.nlighten.com\\\/fr\\\/communiques-de-presse\\\/un-nouvel-accord-energetique-renforce-la-transparence-en-matiere-denergies-renouvelables-dans-les-operations-du-centre-de-donnees-francais-de-nlighten\\\/\"]}]},{\"@type\":\"ImageObject\",\"inLanguage\":\"fr-FR\",\"@id\":\"https:\\\/\\\/www.nlighten.com\\\/fr\\\/communiques-de-presse\\\/un-nouvel-accord-energetique-renforce-la-transparence-en-matiere-denergies-renouvelables-dans-les-operations-du-centre-de-donnees-francais-de-nlighten\\\/#primaryimage\",\"url\":\"https:\\\/\\\/www.nlighten.com\\\/wp-content\\\/uploads\\\/2025\\\/10\\\/press-release_ICFEn_ICFEn-Icon-1.png\",\"contentUrl\":\"https:\\\/\\\/www.nlighten.com\\\/wp-content\\\/uploads\\\/2025\\\/10\\\/press-release_ICFEn_ICFEn-Icon-1.png\",\"width\":1200,\"height\":675,\"caption\":\"Wind Turbine\"},{\"@type\":\"BreadcrumbList\",\"@id\":\"https:\\\/\\\/www.nlighten.com\\\/fr\\\/communiques-de-presse\\\/un-nouvel-accord-energetique-renforce-la-transparence-en-matiere-denergies-renouvelables-dans-les-operations-du-centre-de-donnees-francais-de-nlighten\\\/#breadcrumb\",\"itemListElement\":[{\"@type\":\"ListItem\",\"position\":1,\"name\":\"Home\",\"item\":\"https:\\\/\\\/www.nlighten.com\\\/fr\\\/\"},{\"@type\":\"ListItem\",\"position\":2,\"name\":\"Un nouvel accord \u00e9nerg\u00e9tique renforce la transparence en mati\u00e8re d&rsquo;\u00e9nergies renouvelables dans les op\u00e9rations du centre de donn\u00e9es fran\u00e7ais de nLighten\"}]},{\"@type\":\"WebSite\",\"@id\":\"https:\\\/\\\/www.nlighten.com\\\/fr\\\/#website\",\"url\":\"https:\\\/\\\/www.nlighten.com\\\/fr\\\/\",\"name\":\"nLighten\",\"description\":\"\",\"publisher\":{\"@id\":\"https:\\\/\\\/www.nlighten.com\\\/fr\\\/#organization\"},\"potentialAction\":[{\"@type\":\"SearchAction\",\"target\":{\"@type\":\"EntryPoint\",\"urlTemplate\":\"https:\\\/\\\/www.nlighten.com\\\/fr\\\/?s={search_term_string}\"},\"query-input\":{\"@type\":\"PropertyValueSpecification\",\"valueRequired\":true,\"valueName\":\"search_term_string\"}}],\"inLanguage\":\"fr-FR\"},{\"@type\":\"Organization\",\"@id\":\"https:\\\/\\\/www.nlighten.com\\\/fr\\\/#organization\",\"name\":\"nLighten\",\"url\":\"https:\\\/\\\/www.nlighten.com\\\/fr\\\/\",\"logo\":{\"@type\":\"ImageObject\",\"inLanguage\":\"fr-FR\",\"@id\":\"https:\\\/\\\/www.nlighten.com\\\/fr\\\/#\\\/schema\\\/logo\\\/image\\\/\",\"url\":\"https:\\\/\\\/www.nlighten.com\\\/wp-content\\\/uploads\\\/2024\\\/05\\\/nlighten_logo_green_bg.png\",\"contentUrl\":\"https:\\\/\\\/www.nlighten.com\\\/wp-content\\\/uploads\\\/2024\\\/05\\\/nlighten_logo_green_bg.png\",\"width\":696,\"height\":696,\"caption\":\"nLighten\"},\"image\":{\"@id\":\"https:\\\/\\\/www.nlighten.com\\\/fr\\\/#\\\/schema\\\/logo\\\/image\\\/\"},\"sameAs\":[\"https:\\\/\\\/www.linkedin.com\\\/company\\\/nlighten-datacenters\\\/\"]},{\"@type\":\"Person\",\"@id\":\"https:\\\/\\\/www.nlighten.com\\\/fr\\\/#\\\/schema\\\/person\\\/92d493fd46804f4724a5eeee6cc2dc4c\",\"name\":\"BenW\",\"image\":{\"@type\":\"ImageObject\",\"inLanguage\":\"fr-FR\",\"@id\":\"https:\\\/\\\/secure.gravatar.com\\\/avatar\\\/1b6e12f31b92f49c2d071d54261b3803570b443b8226349fec0c1d7f4ef51e5f?s=96&d=mm&r=g\",\"url\":\"https:\\\/\\\/secure.gravatar.com\\\/avatar\\\/1b6e12f31b92f49c2d071d54261b3803570b443b8226349fec0c1d7f4ef51e5f?s=96&d=mm&r=g\",\"contentUrl\":\"https:\\\/\\\/secure.gravatar.com\\\/avatar\\\/1b6e12f31b92f49c2d071d54261b3803570b443b8226349fec0c1d7f4ef51e5f?s=96&d=mm&r=g\",\"caption\":\"BenW\"},\"url\":\"https:\\\/\\\/www.nlighten.com\\\/fr\\\/author\\\/benw\\\/\"}]}<\/script>\n<!-- \/ Yoast SEO plugin. -->","yoast_head_json":{"title":"Un nouvel accord \u00e9nerg\u00e9tique renforce la transparence en mati\u00e8re d'\u00e9nergies renouvelables dans les op\u00e9rations du centre de donn\u00e9es fran\u00e7ais de nLighten","description":"Un nouvel accord \u00e9nerg\u00e9tique renforce la transparence en mati\u00e8re d'\u00e9nergies renouvelables dans les op\u00e9rations du centre de donn\u00e9es fran\u00e7ais de nLighten","robots":{"index":"index","follow":"follow","max-snippet":"max-snippet:-1","max-image-preview":"max-image-preview:large","max-video-preview":"max-video-preview:-1"},"canonical":"https:\/\/www.nlighten.com\/fr\/communiques-de-presse\/un-nouvel-accord-energetique-renforce-la-transparence-en-matiere-denergies-renouvelables-dans-les-operations-du-centre-de-donnees-francais-de-nlighten\/","og_locale":"fr_FR","og_type":"article","og_title":"Un nouvel accord \u00e9nerg\u00e9tique renforce la transparence en mati\u00e8re d'\u00e9nergies renouvelables dans les op\u00e9rations du centre de donn\u00e9es fran\u00e7ais de nLighten","og_description":"Un nouvel accord \u00e9nerg\u00e9tique renforce la transparence en mati\u00e8re d'\u00e9nergies renouvelables dans les op\u00e9rations du centre de donn\u00e9es fran\u00e7ais de nLighten","og_url":"https:\/\/www.nlighten.com\/fr\/communiques-de-presse\/un-nouvel-accord-energetique-renforce-la-transparence-en-matiere-denergies-renouvelables-dans-les-operations-du-centre-de-donnees-francais-de-nlighten\/","og_site_name":"nLighten","article_published_time":"2025-11-26T11:23:51+00:00","article_modified_time":"2025-11-26T11:32:59+00:00","og_image":[{"width":1200,"height":675,"url":"https:\/\/www.nlighten.com\/wp-content\/uploads\/2025\/10\/press-release_ICFEn_ICFEn-Icon-1.png","type":"image\/png"}],"author":"BenW","twitter_card":"summary_large_image","twitter_misc":{"\u00c9crit par":"BenW","Dur\u00e9e de lecture estim\u00e9e":"4 minutes"},"schema":{"@context":"https:\/\/schema.org","@graph":[{"@type":"Article","@id":"https:\/\/www.nlighten.com\/fr\/communiques-de-presse\/un-nouvel-accord-energetique-renforce-la-transparence-en-matiere-denergies-renouvelables-dans-les-operations-du-centre-de-donnees-francais-de-nlighten\/#article","isPartOf":{"@id":"https:\/\/www.nlighten.com\/fr\/communiques-de-presse\/un-nouvel-accord-energetique-renforce-la-transparence-en-matiere-denergies-renouvelables-dans-les-operations-du-centre-de-donnees-francais-de-nlighten\/"},"author":{"name":"BenW","@id":"https:\/\/www.nlighten.com\/fr\/#\/schema\/person\/92d493fd46804f4724a5eeee6cc2dc4c"},"headline":"Un nouvel accord \u00e9nerg\u00e9tique renforce la transparence en mati\u00e8re d&rsquo;\u00e9nergies renouvelables dans les op\u00e9rations du centre de donn\u00e9es fran\u00e7ais de nLighten","datePublished":"2025-11-26T11:23:51+00:00","dateModified":"2025-11-26T11:32:59+00:00","mainEntityOfPage":{"@id":"https:\/\/www.nlighten.com\/fr\/communiques-de-presse\/un-nouvel-accord-energetique-renforce-la-transparence-en-matiere-denergies-renouvelables-dans-les-operations-du-centre-de-donnees-francais-de-nlighten\/"},"wordCount":799,"publisher":{"@id":"https:\/\/www.nlighten.com\/fr\/#organization"},"image":{"@id":"https:\/\/www.nlighten.com\/fr\/communiques-de-presse\/un-nouvel-accord-energetique-renforce-la-transparence-en-matiere-denergies-renouvelables-dans-les-operations-du-centre-de-donnees-francais-de-nlighten\/#primaryimage"},"thumbnailUrl":"https:\/\/www.nlighten.com\/wp-content\/uploads\/2025\/10\/press-release_ICFEn_ICFEn-Icon-1.png","articleSection":["Press Release"],"inLanguage":"fr-FR"},{"@type":"WebPage","@id":"https:\/\/www.nlighten.com\/fr\/communiques-de-presse\/un-nouvel-accord-energetique-renforce-la-transparence-en-matiere-denergies-renouvelables-dans-les-operations-du-centre-de-donnees-francais-de-nlighten\/","url":"https:\/\/www.nlighten.com\/fr\/communiques-de-presse\/un-nouvel-accord-energetique-renforce-la-transparence-en-matiere-denergies-renouvelables-dans-les-operations-du-centre-de-donnees-francais-de-nlighten\/","name":"Un nouvel accord \u00e9nerg\u00e9tique renforce la transparence en mati\u00e8re d'\u00e9nergies renouvelables dans les op\u00e9rations du centre de donn\u00e9es fran\u00e7ais de nLighten","isPartOf":{"@id":"https:\/\/www.nlighten.com\/fr\/#website"},"primaryImageOfPage":{"@id":"https:\/\/www.nlighten.com\/fr\/communiques-de-presse\/un-nouvel-accord-energetique-renforce-la-transparence-en-matiere-denergies-renouvelables-dans-les-operations-du-centre-de-donnees-francais-de-nlighten\/#primaryimage"},"image":{"@id":"https:\/\/www.nlighten.com\/fr\/communiques-de-presse\/un-nouvel-accord-energetique-renforce-la-transparence-en-matiere-denergies-renouvelables-dans-les-operations-du-centre-de-donnees-francais-de-nlighten\/#primaryimage"},"thumbnailUrl":"https:\/\/www.nlighten.com\/wp-content\/uploads\/2025\/10\/press-release_ICFEn_ICFEn-Icon-1.png","datePublished":"2025-11-26T11:23:51+00:00","dateModified":"2025-11-26T11:32:59+00:00","description":"Un nouvel accord \u00e9nerg\u00e9tique renforce la transparence en mati\u00e8re d'\u00e9nergies renouvelables dans les op\u00e9rations du centre de donn\u00e9es fran\u00e7ais de nLighten","breadcrumb":{"@id":"https:\/\/www.nlighten.com\/fr\/communiques-de-presse\/un-nouvel-accord-energetique-renforce-la-transparence-en-matiere-denergies-renouvelables-dans-les-operations-du-centre-de-donnees-francais-de-nlighten\/#breadcrumb"},"inLanguage":"fr-FR","potentialAction":[{"@type":"ReadAction","target":["https:\/\/www.nlighten.com\/fr\/communiques-de-presse\/un-nouvel-accord-energetique-renforce-la-transparence-en-matiere-denergies-renouvelables-dans-les-operations-du-centre-de-donnees-francais-de-nlighten\/"]}]},{"@type":"ImageObject","inLanguage":"fr-FR","@id":"https:\/\/www.nlighten.com\/fr\/communiques-de-presse\/un-nouvel-accord-energetique-renforce-la-transparence-en-matiere-denergies-renouvelables-dans-les-operations-du-centre-de-donnees-francais-de-nlighten\/#primaryimage","url":"https:\/\/www.nlighten.com\/wp-content\/uploads\/2025\/10\/press-release_ICFEn_ICFEn-Icon-1.png","contentUrl":"https:\/\/www.nlighten.com\/wp-content\/uploads\/2025\/10\/press-release_ICFEn_ICFEn-Icon-1.png","width":1200,"height":675,"caption":"Wind Turbine"},{"@type":"BreadcrumbList","@id":"https:\/\/www.nlighten.com\/fr\/communiques-de-presse\/un-nouvel-accord-energetique-renforce-la-transparence-en-matiere-denergies-renouvelables-dans-les-operations-du-centre-de-donnees-francais-de-nlighten\/#breadcrumb","itemListElement":[{"@type":"ListItem","position":1,"name":"Home","item":"https:\/\/www.nlighten.com\/fr\/"},{"@type":"ListItem","position":2,"name":"Un nouvel accord \u00e9nerg\u00e9tique renforce la transparence en mati\u00e8re d&rsquo;\u00e9nergies renouvelables dans les op\u00e9rations du centre de donn\u00e9es fran\u00e7ais de nLighten"}]},{"@type":"WebSite","@id":"https:\/\/www.nlighten.com\/fr\/#website","url":"https:\/\/www.nlighten.com\/fr\/","name":"nLighten","description":"","publisher":{"@id":"https:\/\/www.nlighten.com\/fr\/#organization"},"potentialAction":[{"@type":"SearchAction","target":{"@type":"EntryPoint","urlTemplate":"https:\/\/www.nlighten.com\/fr\/?s={search_term_string}"},"query-input":{"@type":"PropertyValueSpecification","valueRequired":true,"valueName":"search_term_string"}}],"inLanguage":"fr-FR"},{"@type":"Organization","@id":"https:\/\/www.nlighten.com\/fr\/#organization","name":"nLighten","url":"https:\/\/www.nlighten.com\/fr\/","logo":{"@type":"ImageObject","inLanguage":"fr-FR","@id":"https:\/\/www.nlighten.com\/fr\/#\/schema\/logo\/image\/","url":"https:\/\/www.nlighten.com\/wp-content\/uploads\/2024\/05\/nlighten_logo_green_bg.png","contentUrl":"https:\/\/www.nlighten.com\/wp-content\/uploads\/2024\/05\/nlighten_logo_green_bg.png","width":696,"height":696,"caption":"nLighten"},"image":{"@id":"https:\/\/www.nlighten.com\/fr\/#\/schema\/logo\/image\/"},"sameAs":["https:\/\/www.linkedin.com\/company\/nlighten-datacenters\/"]},{"@type":"Person","@id":"https:\/\/www.nlighten.com\/fr\/#\/schema\/person\/92d493fd46804f4724a5eeee6cc2dc4c","name":"BenW","image":{"@type":"ImageObject","inLanguage":"fr-FR","@id":"https:\/\/secure.gravatar.com\/avatar\/1b6e12f31b92f49c2d071d54261b3803570b443b8226349fec0c1d7f4ef51e5f?s=96&d=mm&r=g","url":"https:\/\/secure.gravatar.com\/avatar\/1b6e12f31b92f49c2d071d54261b3803570b443b8226349fec0c1d7f4ef51e5f?s=96&d=mm&r=g","contentUrl":"https:\/\/secure.gravatar.com\/avatar\/1b6e12f31b92f49c2d071d54261b3803570b443b8226349fec0c1d7f4ef51e5f?s=96&d=mm&r=g","caption":"BenW"},"url":"https:\/\/www.nlighten.com\/fr\/author\/benw\/"}]}},"publishpress_future_workflow_manual_trigger":{"enabledWorkflows":[]},"_links":{"self":[{"href":"https:\/\/www.nlighten.com\/fr\/wp-json\/wp\/v2\/posts\/21176","targetHints":{"allow":["GET"]}}],"collection":[{"href":"https:\/\/www.nlighten.com\/fr\/wp-json\/wp\/v2\/posts"}],"about":[{"href":"https:\/\/www.nlighten.com\/fr\/wp-json\/wp\/v2\/types\/post"}],"author":[{"embeddable":true,"href":"https:\/\/www.nlighten.com\/fr\/wp-json\/wp\/v2\/users\/2"}],"replies":[{"embeddable":true,"href":"https:\/\/www.nlighten.com\/fr\/wp-json\/wp\/v2\/comments?post=21176"}],"version-history":[{"count":0,"href":"https:\/\/www.nlighten.com\/fr\/wp-json\/wp\/v2\/posts\/21176\/revisions"}],"wp:featuredmedia":[{"embeddable":true,"href":"https:\/\/www.nlighten.com\/fr\/wp-json\/wp\/v2\/media\/20423"}],"wp:attachment":[{"href":"https:\/\/www.nlighten.com\/fr\/wp-json\/wp\/v2\/media?parent=21176"}],"wp:term":[{"taxonomy":"category","embeddable":true,"href":"https:\/\/www.nlighten.com\/fr\/wp-json\/wp\/v2\/categories?post=21176"},{"taxonomy":"post_tag","embeddable":true,"href":"https:\/\/www.nlighten.com\/fr\/wp-json\/wp\/v2\/tags?post=21176"}],"curies":[{"name":"wp","href":"https:\/\/api.w.org\/{rel}","templated":true}]}}