{"id":5487,"date":"2024-05-13T20:13:07","date_gmt":"2024-05-13T20:13:07","guid":{"rendered":"https:\/\/www.nlighten.com\/?p=5487"},"modified":"2025-10-08T14:54:24","modified_gmt":"2025-10-08T14:54:24","slug":"nlighten-expandiert-europaweit","status":"publish","type":"post","link":"https:\/\/www.nlighten.com\/de\/presseveroeffentlichungen\/nlighten-expandiert-europaweit\/","title":{"rendered":"nLighten expandiert europaweit"},"content":{"rendered":"\t\t<div data-elementor-type=\"wp-post\" data-elementor-id=\"5487\" class=\"elementor elementor-5487 elementor-5376\" data-elementor-post-type=\"post\">\n\t\t\t\t<div class=\"elementor-element elementor-element-0336fd2 e-flex e-con-boxed e-con e-parent\" data-id=\"0336fd2\" data-element_type=\"container\" data-e-type=\"container\">\n\t\t\t\t\t<div class=\"e-con-inner\">\n\t\t\t\t<div class=\"elementor-element elementor-element-5201063 elementor-widget elementor-widget-heading\" data-id=\"5201063\" data-element_type=\"widget\" data-e-type=\"widget\" data-widget_type=\"heading.default\">\n\t\t\t\t<div class=\"elementor-widget-container\">\n\t\t\t\t\t<h2 class=\"elementor-heading-title elementor-size-default\">Pressemitteilungen<\/h2>\t\t\t\t<\/div>\n\t\t\t\t<\/div>\n\t\t\t\t<div class=\"elementor-element elementor-element-c907cc3 elementor-widget elementor-widget-theme-post-title elementor-page-title elementor-widget-heading\" data-id=\"c907cc3\" data-element_type=\"widget\" data-e-type=\"widget\" data-widget_type=\"theme-post-title.default\">\n\t\t\t\t<div class=\"elementor-widget-container\">\n\t\t\t\t\t<h1 class=\"elementor-heading-title elementor-size-default\">nLighten expandiert europaweit<\/h1>\t\t\t\t<\/div>\n\t\t\t\t<\/div>\n\t\t\t\t<div class=\"elementor-element elementor-element-5bbdd98 elementor-widget elementor-widget-text-editor\" data-id=\"5bbdd98\" data-element_type=\"widget\" data-e-type=\"widget\" data-widget_type=\"text-editor.default\">\n\t\t\t\t<div class=\"elementor-widget-container\">\n\t\t\t\t\t\t\t\t\t<p>Die strategische \u00dcbernahme von sieben Edge-Rechenzentren von EXA Infrastructure er\u00f6ffnet neue M\u00e4rkte f\u00fcr nLighten in Belgien, der Schweiz und Spanien und erweitert die Pr\u00e4senz in Frankreich, Gro\u00dfbritannien und den Niederlanden.<\/p>\n\t\t\t\t\t\t\t\t<\/div>\n\t\t\t\t<\/div>\n\t\t\t\t<div class=\"elementor-element elementor-element-29c9137 elementor-widget elementor-widget-image\" data-id=\"29c9137\" data-element_type=\"widget\" data-e-type=\"widget\" data-widget_type=\"image.default\">\n\t\t\t\t<div class=\"elementor-widget-container\">\n\t\t\t\t\t\t\t\t\t\t\t\t\t\t\t<img fetchpriority=\"high\" decoding=\"async\" width=\"900\" height=\"460\" src=\"https:\/\/www.nlighten.com\/wp-content\/uploads\/2024\/05\/660d6b99a3dc8107ab14f4df_PR-Europa.webp\" class=\"attachment-large size-large wp-image-5449\" alt=\"Map of Europe\" srcset=\"https:\/\/www.nlighten.com\/wp-content\/uploads\/2024\/05\/660d6b99a3dc8107ab14f4df_PR-Europa.webp 920w, https:\/\/www.nlighten.com\/wp-content\/uploads\/2024\/05\/660d6b99a3dc8107ab14f4df_PR-Europa-300x153.webp 300w, https:\/\/www.nlighten.com\/wp-content\/uploads\/2024\/05\/660d6b99a3dc8107ab14f4df_PR-Europa-768x392.webp 768w\" sizes=\"(max-width: 900px) 100vw, 900px\" \/>\t\t\t\t\t\t\t\t\t\t\t\t\t\t\t<\/div>\n\t\t\t\t<\/div>\n\t\t\t\t<div class=\"elementor-element elementor-element-8bd5f1f elementor-widget elementor-widget-text-editor\" data-id=\"8bd5f1f\" data-element_type=\"widget\" data-e-type=\"widget\" data-widget_type=\"text-editor.default\">\n\t\t\t\t<div class=\"elementor-widget-container\">\n\t\t\t\t\t\t\t\t\t<p><strong>Amsterdam, 04.04.2024<\/strong> \u2013 nLighten, eine digitale Infrastrukturplattform, gibt die erfolgreiche \u00dcbernahme von sieben Edge-Rechenzentren von EXA Infrastructure bekannt. Dieser strategische Schritt st\u00e4rkt die Position von nLighten als Vorreiter auf dem europ\u00e4ischen Markt f\u00fcr Rechenzentren und erweitert die Pr\u00e4senz und das Serviceangebot des Unternehmens auf dem gesamten Kontinent. EXA Infrastructure kann sich durch die Transaktion auf sein umfangreiches eigenes terrestrisches und Untersee-Glasfasernetz konzentrieren und weiter in die Infrastruktur investieren. nLighten und EXA sind Portfoliounternehmen von I Squared Capital, einem f\u00fchrenden unabh\u00e4ngigen globalen Infrastrukturinvestor.   <\/p>\n<p>Durch die Akquisition dieser sieben Edge-Rechenzentren erweitert nLighten seine europ\u00e4ische Pr\u00e4senz auf Belgien, die Schweiz und Spanien. Au\u00dferdem kommen Standorte in bestehenden nLighten M\u00e4rkten wie Deutschland, Frankreich, Gro\u00dfbritannien und den Niederlanden hinzu. Mit dieser Expansion erh\u00f6ht sich die Gesamtzahl der Edge-Rechenzentren von nLighten auf 34 in Europa \u2013 einschlie\u00dflich der wichtigen Wirtschaftszentren Amsterdam, London, Paris, Madrid, Genf, Z\u00fcrich und Gent.  <\/p>\n<p>Die erweiterte Pr\u00e4senz erm\u00f6glicht es nLighten, seinen Kunden ein neues Level an Support auf dem gesamten Kontinent zu bieten, und zwar \u00fcber ein Netzwerk, das Datenverarbeitung mit niedriger Latenz und geografisch verteilte Standorte f\u00fcr optimale Gesch\u00e4ftskontinuit\u00e4t und Skalierbarkeit gew\u00e4hrleistet, unabh\u00e4ngig von den jeweiligen spezifischen Anwendungen.<\/p>\n\t\t\t\t\t\t\t\t<\/div>\n\t\t\t\t<\/div>\n\t\t\t\t<div class=\"elementor-element elementor-element-97092a6 elementor-widget elementor-widget-heading\" data-id=\"97092a6\" data-element_type=\"widget\" data-e-type=\"widget\" data-widget_type=\"heading.default\">\n\t\t\t\t<div class=\"elementor-widget-container\">\n\t\t\t\t\t<h2 class=\"elementor-heading-title elementor-size-default\">Fokus liegt auf Customer Empowerment<\/h2>\t\t\t\t<\/div>\n\t\t\t\t<\/div>\n\t\t\t\t<div class=\"elementor-element elementor-element-f0d15fd elementor-widget elementor-widget-text-editor\" data-id=\"f0d15fd\" data-element_type=\"widget\" data-e-type=\"widget\" data-widget_type=\"text-editor.default\">\n\t\t\t\t<div class=\"elementor-widget-container\">\n\t\t\t\t\t\t\t\t\t<p>\u201eDie Digitallandschaft befindet sich in einem rasanten Wandel, zumal die Nachfrage nach k\u00fcnstlicher Intelligenz branchen\u00fcbergreifend weiter ansteigt\u201c, sagt Harro Beusker, Mitgr\u00fcnder und CEO von nLighten. \u201eDiese dynamische Landschaft bietet viele M\u00f6glichkeiten f\u00fcr digitale Infrastrukturen, erfordert aber auch robuste und skalierbare Rechenzentrumsl\u00f6sungen. Durch die Erweiterung unserer europ\u00e4ischen Standorte werden unsere Kunden von dem vielf\u00e4ltigen Portfolio von nLighten profitieren, dass eine breite Palette von Colocation-, Konnektivit\u00e4ts- und Vor-Ort-Dienstleistungen umfasst. Diese \u00dcbernahme unterstreicht das Engagement von nLighten, Unternehmen in ganz Europa mit erstklassigen Rechenzentrumsl\u00f6sungen zu versorgen, und bringt uns unserem Ziel n\u00e4her, eine f\u00fchrende europ\u00e4ische Edge-Rechenzentrumsplattform aufzubauen und zu betreiben.\u201c <\/p>\n<p>\u201eDies ist der Beginn einer spannenden Zusammenarbeit mit unserem Schwesterunternehmen nLighten, w\u00e4hrend wir uns beide auf unsere Kernkompetenzen konzentrieren, um unsere Missionen bestm\u00f6glich zu erf\u00fcllen\u201c, kommentiert Nick Collins, Chief Commercial Officer bei EXA Infrastructure. \u201eDer Verkauf erlaubt es EXA Infrastructure, sich ausschlie\u00dflich auf den Aufbau und den Betrieb der gesch\u00e4ftskritischen Netzwerkinfrastruktur zu konzentrieren, die das Wachstum unserer Kunden erm\u00f6glicht.\u201c<\/p>\n\t\t\t\t\t\t\t\t<\/div>\n\t\t\t\t<\/div>\n\t\t\t\t\t<\/div>\n\t\t\t\t<\/div>\n\t\t\t\t<\/div>\n\t\t","protected":false},"excerpt":{"rendered":"<p>Pressemitteilungen Die strategische \u00dcbernahme von sieben Edge-Rechenzentren von EXA Infrastructure er\u00f6ffnet neue M\u00e4rkte f\u00fcr nLighten in Belgien, der Schweiz und Spanien und erweitert die Pr\u00e4senz in Frankreich, Gro\u00dfbritannien und den &#8230; <a title=\"nLighten expandiert europaweit\" class=\"read-more\" href=\"https:\/\/www.nlighten.com\/de\/presseveroeffentlichungen\/nlighten-expandiert-europaweit\/\" aria-label=\"Mehr Informationen \u00fcber nLighten expandiert europaweit\">Weiterlesen<\/a><\/p>\n","protected":false},"author":2,"featured_media":0,"comment_status":"closed","ping_status":"closed","sticky":false,"template":"","format":"standard","meta":{"_acf_changed":false,"footnotes":""},"categories":[57],"tags":[],"class_list":["post-5487","post","type-post","status-publish","format-standard","hentry","category-press-release-de"],"acf":[],"yoast_head":"<!-- This site is optimized with the Yoast SEO plugin v27.4 - https:\/\/yoast.com\/product\/yoast-seo-wordpress\/ -->\n<title>nLighten expandiert europaweit - nLighten<\/title>\n<meta name=\"description\" content=\"Die strategische \u00dcbernahme von sieben Edge-Rechenzentren von EXA Infrastructure er\u00f6ffnet neue M\u00e4rkte f\u00fcr nLighten in Belgien, der Schweiz und Spanien.\" \/>\n<meta name=\"robots\" content=\"index, follow, max-snippet:-1, max-image-preview:large, max-video-preview:-1\" \/>\n<link rel=\"canonical\" href=\"https:\/\/www.nlighten.com\/de\/presseveroeffentlichungen\/nlighten-expandiert-europaweit\/\" \/>\n<meta property=\"og:locale\" content=\"de_DE\" \/>\n<meta property=\"og:type\" content=\"article\" \/>\n<meta property=\"og:title\" content=\"nLighten expandiert europaweit - nLighten\" \/>\n<meta property=\"og:description\" content=\"Die strategische \u00dcbernahme von sieben Edge-Rechenzentren von EXA Infrastructure er\u00f6ffnet neue M\u00e4rkte f\u00fcr nLighten in Belgien, der Schweiz und Spanien.\" \/>\n<meta property=\"og:url\" content=\"https:\/\/www.nlighten.com\/de\/presseveroeffentlichungen\/nlighten-expandiert-europaweit\/\" \/>\n<meta property=\"og:site_name\" content=\"nLighten\" \/>\n<meta property=\"article:published_time\" content=\"2024-05-13T20:13:07+00:00\" \/>\n<meta property=\"article:modified_time\" content=\"2025-10-08T14:54:24+00:00\" \/>\n<meta property=\"og:image\" content=\"https:\/\/www.nlighten.com\/wp-content\/uploads\/2024\/05\/660d6b99a3dc8107ab14f4df_PR-Europa.webp\" \/>\n\t<meta property=\"og:image:width\" content=\"920\" \/>\n\t<meta property=\"og:image:height\" content=\"470\" \/>\n\t<meta property=\"og:image:type\" content=\"image\/webp\" \/>\n<meta name=\"author\" content=\"BenW\" \/>\n<meta name=\"twitter:card\" content=\"summary_large_image\" \/>\n<meta name=\"twitter:label1\" content=\"Verfasst von\" \/>\n\t<meta name=\"twitter:data1\" content=\"BenW\" \/>\n\t<meta name=\"twitter:label2\" content=\"Gesch\u00e4tzte Lesezeit\" \/>\n\t<meta name=\"twitter:data2\" content=\"2\u00a0Minuten\" \/>\n<script type=\"application\/ld+json\" class=\"yoast-schema-graph\">{\"@context\":\"https:\\\/\\\/schema.org\",\"@graph\":[{\"@type\":\"Article\",\"@id\":\"https:\\\/\\\/www.nlighten.com\\\/de\\\/presseveroeffentlichungen\\\/nlighten-expandiert-europaweit\\\/#article\",\"isPartOf\":{\"@id\":\"https:\\\/\\\/www.nlighten.com\\\/de\\\/presseveroeffentlichungen\\\/nlighten-expandiert-europaweit\\\/\"},\"author\":{\"name\":\"BenW\",\"@id\":\"https:\\\/\\\/www.nlighten.com\\\/de\\\/#\\\/schema\\\/person\\\/92d493fd46804f4724a5eeee6cc2dc4c\"},\"headline\":\"nLighten expandiert europaweit\",\"datePublished\":\"2024-05-13T20:13:07+00:00\",\"dateModified\":\"2025-10-08T14:54:24+00:00\",\"mainEntityOfPage\":{\"@id\":\"https:\\\/\\\/www.nlighten.com\\\/de\\\/presseveroeffentlichungen\\\/nlighten-expandiert-europaweit\\\/\"},\"wordCount\":423,\"publisher\":{\"@id\":\"https:\\\/\\\/www.nlighten.com\\\/de\\\/#organization\"},\"image\":{\"@id\":\"https:\\\/\\\/www.nlighten.com\\\/de\\\/presseveroeffentlichungen\\\/nlighten-expandiert-europaweit\\\/#primaryimage\"},\"thumbnailUrl\":\"https:\\\/\\\/www.nlighten.com\\\/wp-content\\\/uploads\\\/2024\\\/05\\\/660d6b99a3dc8107ab14f4df_PR-Europa.webp\",\"articleSection\":[\"Press Release\"],\"inLanguage\":\"de\"},{\"@type\":\"WebPage\",\"@id\":\"https:\\\/\\\/www.nlighten.com\\\/de\\\/presseveroeffentlichungen\\\/nlighten-expandiert-europaweit\\\/\",\"url\":\"https:\\\/\\\/www.nlighten.com\\\/de\\\/presseveroeffentlichungen\\\/nlighten-expandiert-europaweit\\\/\",\"name\":\"nLighten expandiert europaweit - nLighten\",\"isPartOf\":{\"@id\":\"https:\\\/\\\/www.nlighten.com\\\/de\\\/#website\"},\"primaryImageOfPage\":{\"@id\":\"https:\\\/\\\/www.nlighten.com\\\/de\\\/presseveroeffentlichungen\\\/nlighten-expandiert-europaweit\\\/#primaryimage\"},\"image\":{\"@id\":\"https:\\\/\\\/www.nlighten.com\\\/de\\\/presseveroeffentlichungen\\\/nlighten-expandiert-europaweit\\\/#primaryimage\"},\"thumbnailUrl\":\"https:\\\/\\\/www.nlighten.com\\\/wp-content\\\/uploads\\\/2024\\\/05\\\/660d6b99a3dc8107ab14f4df_PR-Europa.webp\",\"datePublished\":\"2024-05-13T20:13:07+00:00\",\"dateModified\":\"2025-10-08T14:54:24+00:00\",\"description\":\"Die strategische \u00dcbernahme von sieben Edge-Rechenzentren von EXA Infrastructure er\u00f6ffnet neue M\u00e4rkte f\u00fcr nLighten in Belgien, der Schweiz und Spanien.\",\"breadcrumb\":{\"@id\":\"https:\\\/\\\/www.nlighten.com\\\/de\\\/presseveroeffentlichungen\\\/nlighten-expandiert-europaweit\\\/#breadcrumb\"},\"inLanguage\":\"de\",\"potentialAction\":[{\"@type\":\"ReadAction\",\"target\":[\"https:\\\/\\\/www.nlighten.com\\\/de\\\/presseveroeffentlichungen\\\/nlighten-expandiert-europaweit\\\/\"]}]},{\"@type\":\"ImageObject\",\"inLanguage\":\"de\",\"@id\":\"https:\\\/\\\/www.nlighten.com\\\/de\\\/presseveroeffentlichungen\\\/nlighten-expandiert-europaweit\\\/#primaryimage\",\"url\":\"https:\\\/\\\/www.nlighten.com\\\/wp-content\\\/uploads\\\/2024\\\/05\\\/660d6b99a3dc8107ab14f4df_PR-Europa.webp\",\"contentUrl\":\"https:\\\/\\\/www.nlighten.com\\\/wp-content\\\/uploads\\\/2024\\\/05\\\/660d6b99a3dc8107ab14f4df_PR-Europa.webp\"},{\"@type\":\"BreadcrumbList\",\"@id\":\"https:\\\/\\\/www.nlighten.com\\\/de\\\/presseveroeffentlichungen\\\/nlighten-expandiert-europaweit\\\/#breadcrumb\",\"itemListElement\":[{\"@type\":\"ListItem\",\"position\":1,\"name\":\"Home\",\"item\":\"https:\\\/\\\/www.nlighten.com\\\/de\\\/\"},{\"@type\":\"ListItem\",\"position\":2,\"name\":\"nLighten expandiert europaweit\"}]},{\"@type\":\"WebSite\",\"@id\":\"https:\\\/\\\/www.nlighten.com\\\/de\\\/#website\",\"url\":\"https:\\\/\\\/www.nlighten.com\\\/de\\\/\",\"name\":\"nLighten\",\"description\":\"\",\"publisher\":{\"@id\":\"https:\\\/\\\/www.nlighten.com\\\/de\\\/#organization\"},\"potentialAction\":[{\"@type\":\"SearchAction\",\"target\":{\"@type\":\"EntryPoint\",\"urlTemplate\":\"https:\\\/\\\/www.nlighten.com\\\/de\\\/?s={search_term_string}\"},\"query-input\":{\"@type\":\"PropertyValueSpecification\",\"valueRequired\":true,\"valueName\":\"search_term_string\"}}],\"inLanguage\":\"de\"},{\"@type\":\"Organization\",\"@id\":\"https:\\\/\\\/www.nlighten.com\\\/de\\\/#organization\",\"name\":\"nLighten\",\"url\":\"https:\\\/\\\/www.nlighten.com\\\/de\\\/\",\"logo\":{\"@type\":\"ImageObject\",\"inLanguage\":\"de\",\"@id\":\"https:\\\/\\\/www.nlighten.com\\\/de\\\/#\\\/schema\\\/logo\\\/image\\\/\",\"url\":\"https:\\\/\\\/www.nlighten.com\\\/wp-content\\\/uploads\\\/2024\\\/05\\\/nlighten_logo_green_bg.png\",\"contentUrl\":\"https:\\\/\\\/www.nlighten.com\\\/wp-content\\\/uploads\\\/2024\\\/05\\\/nlighten_logo_green_bg.png\",\"width\":696,\"height\":696,\"caption\":\"nLighten\"},\"image\":{\"@id\":\"https:\\\/\\\/www.nlighten.com\\\/de\\\/#\\\/schema\\\/logo\\\/image\\\/\"},\"sameAs\":[\"https:\\\/\\\/www.linkedin.com\\\/company\\\/nlighten-datacenters\\\/\"]},{\"@type\":\"Person\",\"@id\":\"https:\\\/\\\/www.nlighten.com\\\/de\\\/#\\\/schema\\\/person\\\/92d493fd46804f4724a5eeee6cc2dc4c\",\"name\":\"BenW\",\"image\":{\"@type\":\"ImageObject\",\"inLanguage\":\"de\",\"@id\":\"https:\\\/\\\/secure.gravatar.com\\\/avatar\\\/1b6e12f31b92f49c2d071d54261b3803570b443b8226349fec0c1d7f4ef51e5f?s=96&d=mm&r=g\",\"url\":\"https:\\\/\\\/secure.gravatar.com\\\/avatar\\\/1b6e12f31b92f49c2d071d54261b3803570b443b8226349fec0c1d7f4ef51e5f?s=96&d=mm&r=g\",\"contentUrl\":\"https:\\\/\\\/secure.gravatar.com\\\/avatar\\\/1b6e12f31b92f49c2d071d54261b3803570b443b8226349fec0c1d7f4ef51e5f?s=96&d=mm&r=g\",\"caption\":\"BenW\"},\"url\":\"https:\\\/\\\/www.nlighten.com\\\/de\\\/author\\\/benw\\\/\"}]}<\/script>\n<!-- \/ Yoast SEO plugin. -->","yoast_head_json":{"title":"nLighten expandiert europaweit - nLighten","description":"Die strategische \u00dcbernahme von sieben Edge-Rechenzentren von EXA Infrastructure er\u00f6ffnet neue M\u00e4rkte f\u00fcr nLighten in Belgien, der Schweiz und Spanien.","robots":{"index":"index","follow":"follow","max-snippet":"max-snippet:-1","max-image-preview":"max-image-preview:large","max-video-preview":"max-video-preview:-1"},"canonical":"https:\/\/www.nlighten.com\/de\/presseveroeffentlichungen\/nlighten-expandiert-europaweit\/","og_locale":"de_DE","og_type":"article","og_title":"nLighten expandiert europaweit - nLighten","og_description":"Die strategische \u00dcbernahme von sieben Edge-Rechenzentren von EXA Infrastructure er\u00f6ffnet neue M\u00e4rkte f\u00fcr nLighten in Belgien, der Schweiz und Spanien.","og_url":"https:\/\/www.nlighten.com\/de\/presseveroeffentlichungen\/nlighten-expandiert-europaweit\/","og_site_name":"nLighten","article_published_time":"2024-05-13T20:13:07+00:00","article_modified_time":"2025-10-08T14:54:24+00:00","og_image":[{"width":920,"height":470,"url":"https:\/\/www.nlighten.com\/wp-content\/uploads\/2024\/05\/660d6b99a3dc8107ab14f4df_PR-Europa.webp","type":"image\/webp"}],"author":"BenW","twitter_card":"summary_large_image","twitter_misc":{"Verfasst von":"BenW","Gesch\u00e4tzte Lesezeit":"2\u00a0Minuten"},"schema":{"@context":"https:\/\/schema.org","@graph":[{"@type":"Article","@id":"https:\/\/www.nlighten.com\/de\/presseveroeffentlichungen\/nlighten-expandiert-europaweit\/#article","isPartOf":{"@id":"https:\/\/www.nlighten.com\/de\/presseveroeffentlichungen\/nlighten-expandiert-europaweit\/"},"author":{"name":"BenW","@id":"https:\/\/www.nlighten.com\/de\/#\/schema\/person\/92d493fd46804f4724a5eeee6cc2dc4c"},"headline":"nLighten expandiert europaweit","datePublished":"2024-05-13T20:13:07+00:00","dateModified":"2025-10-08T14:54:24+00:00","mainEntityOfPage":{"@id":"https:\/\/www.nlighten.com\/de\/presseveroeffentlichungen\/nlighten-expandiert-europaweit\/"},"wordCount":423,"publisher":{"@id":"https:\/\/www.nlighten.com\/de\/#organization"},"image":{"@id":"https:\/\/www.nlighten.com\/de\/presseveroeffentlichungen\/nlighten-expandiert-europaweit\/#primaryimage"},"thumbnailUrl":"https:\/\/www.nlighten.com\/wp-content\/uploads\/2024\/05\/660d6b99a3dc8107ab14f4df_PR-Europa.webp","articleSection":["Press Release"],"inLanguage":"de"},{"@type":"WebPage","@id":"https:\/\/www.nlighten.com\/de\/presseveroeffentlichungen\/nlighten-expandiert-europaweit\/","url":"https:\/\/www.nlighten.com\/de\/presseveroeffentlichungen\/nlighten-expandiert-europaweit\/","name":"nLighten expandiert europaweit - nLighten","isPartOf":{"@id":"https:\/\/www.nlighten.com\/de\/#website"},"primaryImageOfPage":{"@id":"https:\/\/www.nlighten.com\/de\/presseveroeffentlichungen\/nlighten-expandiert-europaweit\/#primaryimage"},"image":{"@id":"https:\/\/www.nlighten.com\/de\/presseveroeffentlichungen\/nlighten-expandiert-europaweit\/#primaryimage"},"thumbnailUrl":"https:\/\/www.nlighten.com\/wp-content\/uploads\/2024\/05\/660d6b99a3dc8107ab14f4df_PR-Europa.webp","datePublished":"2024-05-13T20:13:07+00:00","dateModified":"2025-10-08T14:54:24+00:00","description":"Die strategische \u00dcbernahme von sieben Edge-Rechenzentren von EXA Infrastructure er\u00f6ffnet neue M\u00e4rkte f\u00fcr nLighten in Belgien, der Schweiz und Spanien.","breadcrumb":{"@id":"https:\/\/www.nlighten.com\/de\/presseveroeffentlichungen\/nlighten-expandiert-europaweit\/#breadcrumb"},"inLanguage":"de","potentialAction":[{"@type":"ReadAction","target":["https:\/\/www.nlighten.com\/de\/presseveroeffentlichungen\/nlighten-expandiert-europaweit\/"]}]},{"@type":"ImageObject","inLanguage":"de","@id":"https:\/\/www.nlighten.com\/de\/presseveroeffentlichungen\/nlighten-expandiert-europaweit\/#primaryimage","url":"https:\/\/www.nlighten.com\/wp-content\/uploads\/2024\/05\/660d6b99a3dc8107ab14f4df_PR-Europa.webp","contentUrl":"https:\/\/www.nlighten.com\/wp-content\/uploads\/2024\/05\/660d6b99a3dc8107ab14f4df_PR-Europa.webp"},{"@type":"BreadcrumbList","@id":"https:\/\/www.nlighten.com\/de\/presseveroeffentlichungen\/nlighten-expandiert-europaweit\/#breadcrumb","itemListElement":[{"@type":"ListItem","position":1,"name":"Home","item":"https:\/\/www.nlighten.com\/de\/"},{"@type":"ListItem","position":2,"name":"nLighten expandiert europaweit"}]},{"@type":"WebSite","@id":"https:\/\/www.nlighten.com\/de\/#website","url":"https:\/\/www.nlighten.com\/de\/","name":"nLighten","description":"","publisher":{"@id":"https:\/\/www.nlighten.com\/de\/#organization"},"potentialAction":[{"@type":"SearchAction","target":{"@type":"EntryPoint","urlTemplate":"https:\/\/www.nlighten.com\/de\/?s={search_term_string}"},"query-input":{"@type":"PropertyValueSpecification","valueRequired":true,"valueName":"search_term_string"}}],"inLanguage":"de"},{"@type":"Organization","@id":"https:\/\/www.nlighten.com\/de\/#organization","name":"nLighten","url":"https:\/\/www.nlighten.com\/de\/","logo":{"@type":"ImageObject","inLanguage":"de","@id":"https:\/\/www.nlighten.com\/de\/#\/schema\/logo\/image\/","url":"https:\/\/www.nlighten.com\/wp-content\/uploads\/2024\/05\/nlighten_logo_green_bg.png","contentUrl":"https:\/\/www.nlighten.com\/wp-content\/uploads\/2024\/05\/nlighten_logo_green_bg.png","width":696,"height":696,"caption":"nLighten"},"image":{"@id":"https:\/\/www.nlighten.com\/de\/#\/schema\/logo\/image\/"},"sameAs":["https:\/\/www.linkedin.com\/company\/nlighten-datacenters\/"]},{"@type":"Person","@id":"https:\/\/www.nlighten.com\/de\/#\/schema\/person\/92d493fd46804f4724a5eeee6cc2dc4c","name":"BenW","image":{"@type":"ImageObject","inLanguage":"de","@id":"https:\/\/secure.gravatar.com\/avatar\/1b6e12f31b92f49c2d071d54261b3803570b443b8226349fec0c1d7f4ef51e5f?s=96&d=mm&r=g","url":"https:\/\/secure.gravatar.com\/avatar\/1b6e12f31b92f49c2d071d54261b3803570b443b8226349fec0c1d7f4ef51e5f?s=96&d=mm&r=g","contentUrl":"https:\/\/secure.gravatar.com\/avatar\/1b6e12f31b92f49c2d071d54261b3803570b443b8226349fec0c1d7f4ef51e5f?s=96&d=mm&r=g","caption":"BenW"},"url":"https:\/\/www.nlighten.com\/de\/author\/benw\/"}]}},"publishpress_future_workflow_manual_trigger":{"enabledWorkflows":[]},"_links":{"self":[{"href":"https:\/\/www.nlighten.com\/de\/wp-json\/wp\/v2\/posts\/5487","targetHints":{"allow":["GET"]}}],"collection":[{"href":"https:\/\/www.nlighten.com\/de\/wp-json\/wp\/v2\/posts"}],"about":[{"href":"https:\/\/www.nlighten.com\/de\/wp-json\/wp\/v2\/types\/post"}],"author":[{"embeddable":true,"href":"https:\/\/www.nlighten.com\/de\/wp-json\/wp\/v2\/users\/2"}],"replies":[{"embeddable":true,"href":"https:\/\/www.nlighten.com\/de\/wp-json\/wp\/v2\/comments?post=5487"}],"version-history":[{"count":0,"href":"https:\/\/www.nlighten.com\/de\/wp-json\/wp\/v2\/posts\/5487\/revisions"}],"wp:attachment":[{"href":"https:\/\/www.nlighten.com\/de\/wp-json\/wp\/v2\/media?parent=5487"}],"wp:term":[{"taxonomy":"category","embeddable":true,"href":"https:\/\/www.nlighten.com\/de\/wp-json\/wp\/v2\/categories?post=5487"},{"taxonomy":"post_tag","embeddable":true,"href":"https:\/\/www.nlighten.com\/de\/wp-json\/wp\/v2\/tags?post=5487"}],"curies":[{"name":"wp","href":"https:\/\/api.w.org\/{rel}","templated":true}]}}