{"id":5485,"date":"2024-05-13T20:14:07","date_gmt":"2024-05-13T20:14:07","guid":{"rendered":"https:\/\/www.nlighten.com\/?p=5485"},"modified":"2025-10-08T14:58:20","modified_gmt":"2025-10-08T14:58:20","slug":"nlighten-erweitert-prasenz-in-europa-mit-dem-erwerb-eines-rechenzentrums-in-amsterdam","status":"publish","type":"post","link":"https:\/\/www.nlighten.com\/de\/presseveroeffentlichungen\/nlighten-erweitert-prasenz-in-europa-mit-dem-erwerb-eines-rechenzentrums-in-amsterdam\/","title":{"rendered":"nLighten erweitert Pr\u00e4senz in Europa mit dem Erwerb eines Rechenzentrums in Amsterdam"},"content":{"rendered":"\t\t<div data-elementor-type=\"wp-post\" data-elementor-id=\"5485\" class=\"elementor elementor-5485 elementor-5379\" data-elementor-post-type=\"post\">\n\t\t\t\t<div class=\"elementor-element elementor-element-5ad57bc e-flex e-con-boxed e-con e-parent\" data-id=\"5ad57bc\" data-element_type=\"container\" data-e-type=\"container\">\n\t\t\t\t\t<div class=\"e-con-inner\">\n\t\t\t\t<div class=\"elementor-element elementor-element-88cea18 elementor-widget elementor-widget-heading\" data-id=\"88cea18\" data-element_type=\"widget\" data-e-type=\"widget\" data-widget_type=\"heading.default\">\n\t\t\t\t<div class=\"elementor-widget-container\">\n\t\t\t\t\t<h2 class=\"elementor-heading-title elementor-size-default\">Pressemitteilungen<\/h2>\t\t\t\t<\/div>\n\t\t\t\t<\/div>\n\t\t\t\t<div class=\"elementor-element elementor-element-abc8653 elementor-widget elementor-widget-theme-post-title elementor-page-title elementor-widget-heading\" data-id=\"abc8653\" data-element_type=\"widget\" data-e-type=\"widget\" data-widget_type=\"theme-post-title.default\">\n\t\t\t\t<div class=\"elementor-widget-container\">\n\t\t\t\t\t<h1 class=\"elementor-heading-title elementor-size-default\">nLighten erweitert Pr\u00e4senz in Europa mit dem Erwerb eines Rechenzentrums in Amsterdam<\/h1>\t\t\t\t<\/div>\n\t\t\t\t<\/div>\n\t\t\t\t<div class=\"elementor-element elementor-element-b4a3c52 elementor-widget elementor-widget-text-editor\" data-id=\"b4a3c52\" data-element_type=\"widget\" data-e-type=\"widget\" data-widget_type=\"text-editor.default\">\n\t\t\t\t<div class=\"elementor-widget-container\">\n\t\t\t\t\t\t\t\t\t<p>nLighten erwirbt Gyro Center und tritt in den niederl\u00e4ndischen Markt ein<\/p>\n\t\t\t\t\t\t\t\t<\/div>\n\t\t\t\t<\/div>\n\t\t\t\t<div class=\"elementor-element elementor-element-0073123 elementor-widget elementor-widget-image\" data-id=\"0073123\" data-element_type=\"widget\" data-e-type=\"widget\" data-widget_type=\"image.default\">\n\t\t\t\t<div class=\"elementor-widget-container\">\n\t\t\t\t\t\t\t\t\t\t\t\t\t\t\t<img fetchpriority=\"high\" decoding=\"async\" width=\"920\" height=\"470\" src=\"https:\/\/www.nlighten.com\/wp-content\/uploads\/2024\/05\/6566fd5fbf3fb68164fa0cac_655e060aec35c2f3978a2d27_nlighten-edge-center-amsterdam.webp\" class=\"attachment-large size-large wp-image-5439\" alt=\"Amsterdam\" srcset=\"https:\/\/www.nlighten.com\/wp-content\/uploads\/2024\/05\/6566fd5fbf3fb68164fa0cac_655e060aec35c2f3978a2d27_nlighten-edge-center-amsterdam.webp 920w, https:\/\/www.nlighten.com\/wp-content\/uploads\/2024\/05\/6566fd5fbf3fb68164fa0cac_655e060aec35c2f3978a2d27_nlighten-edge-center-amsterdam-300x153.webp 300w, https:\/\/www.nlighten.com\/wp-content\/uploads\/2024\/05\/6566fd5fbf3fb68164fa0cac_655e060aec35c2f3978a2d27_nlighten-edge-center-amsterdam-768x392.webp 768w\" sizes=\"(max-width: 920px) 100vw, 920px\" \/>\t\t\t\t\t\t\t\t\t\t\t\t\t\t\t<\/div>\n\t\t\t\t<\/div>\n\t\t\t\t<div class=\"elementor-element elementor-element-ca4f5cf elementor-widget elementor-widget-text-editor\" data-id=\"ca4f5cf\" data-element_type=\"widget\" data-e-type=\"widget\" data-widget_type=\"text-editor.default\">\n\t\t\t\t<div class=\"elementor-widget-container\">\n\t\t\t\t\t\t\t\t\t<p><strong>Amsterdam, 23.11.2023<\/strong> \u2014 nLighten, eine digitale Infrastrukturplattform von iSquared Capital, einem weltweit f\u00fchrenden Infrastrukturinvestor, hat GyroCenter (\u201eGyro\u201c), ein Hochleistungsrechenzentrum in Amsterdam, \u00fcbernommen. Mit dieser Akquisition treibt nLighten seine europ\u00e4ische Expansion voran und ist seinem Ziel, die f\u00fchrende Rechenzentrumsplattform in Europa aufzubauen und zu betreiben, einen Schritt n\u00e4her gekommen. <br \/>\u200d<br \/>Der Rechenzentrumsmarkt in den Niederlanden ist einer der gr\u00f6\u00dften in Europa und profitiert von seiner stabilen Stromversorgung, guten Infrastruktur und g\u00fcnstigen Lage. Insbesondere Amsterdam ist neben London, Paris und Frankfurt einer der wichtigsten europ\u00e4ischen Internetknotenpunkte und ein wichtiger Standort f\u00fcr die internationale Rechenzentrumsbranche. <br \/>\u200d<br \/>Das betreiberneutrale Rechenzentrum von Gyro bezieht zu 100% erneuerbare Energie und steuert den Energieverbrauch proaktiv, was der Mission von nLighten entspricht, Dienstleistungen auf nachhaltigere und verantwortungsvollere Weise bereitzustellen. Gyro befindet sich in einer ausgezeichneten Gegend in Bezug auf Konnektivit\u00e4t, Sicherheit und Verf\u00fcgbarkeit und bietet einen pers\u00f6nlichen Ansatz und rund um die Uhr verf\u00fcgbares IT-Personal vor Ort. Um Gyro auf den neuesten Stand der Technik zu bringen, werden in naher Zukunft bauliche Ma\u00dfnahmen gem\u00e4\u00df Tier III durchgef\u00fchrt und das K\u00fchlsystem modernisiert.  <br \/>\u200d<br \/>\u201eWir arbeiten weiterhin mit Hochdruck am Aufbau der f\u00fchrenden Rechenzentrumsplattform in Europa\u201c, sagt Harro Beusker, Mitbegr\u00fcnder und CEO von nLighten. \u201eNach Deutschland, Frankreich und Gro\u00dfbritannien expandieren wir nun in die Niederlande und decken einen weiteren wichtigen und attraktiven Wirtschaftsstandort ab.\u201c <\/p>\n\t\t\t\t\t\t\t\t<\/div>\n\t\t\t\t<\/div>\n\t\t\t\t<div class=\"elementor-element elementor-element-60d7687 elementor-widget elementor-widget-heading\" data-id=\"60d7687\" data-element_type=\"widget\" data-e-type=\"widget\" data-widget_type=\"heading.default\">\n\t\t\t\t<div class=\"elementor-widget-container\">\n\t\t\t\t\t<h2 class=\"elementor-heading-title elementor-size-default\">\u00dcber nLighten<\/h2>\t\t\t\t<\/div>\n\t\t\t\t<\/div>\n\t\t\t\t<div class=\"elementor-element elementor-element-84fbf54 elementor-widget elementor-widget-text-editor\" data-id=\"84fbf54\" data-element_type=\"widget\" data-e-type=\"widget\" data-widget_type=\"text-editor.default\">\n\t\t\t\t<div class=\"elementor-widget-container\">\n\t\t\t\t\t\t\t\t\t<p>nLighten ist eine digitale Infrastrukturplattform von I Squared Capital \u00fcber seinen ISQ Global Infrastructure Fund III. Wir entwickeln innovative hochmoderne Rechenzentren, die \u00fcber wichtige Wirtschaftszentren Europas verteilt sind, um regionalen, nationalen und globalen Unternehmen, privaten Nutzern und mobilen Mitarbeitern erstklassigen Netzwerkzugang zu bieten. <br \/>\u200d<br \/>Mit der strategischen Verteilung seiner Edge-Rechenzentren arbeitet nLighten auf eine europaweite Pr\u00e4senz in allen gr\u00f6\u00dferen St\u00e4dten hin und bietet Kunden und Partnern Zugang zu niedrigen Latenzzeiten und N\u00e4he zu Endbenutzern in ganz Europa. Die Edge-Rechenzentren von nLighten sind so konzipiert, dass sie der steigenden Nachfrage nach schnellerer und zuverl\u00e4ssigerer Datenverarbeitung und Speicherung gerecht werden und gleichzeitig die Umweltauswirkungen ber\u00fccksichtigen. <br \/>\u200d<br \/>nLighten wurde 2021 von einem Kernteam mit langj\u00e4hriger Erfahrung und umfassender Expertise im Rechenzentrumsbereich gegr\u00fcndet. Die Hauptmotivation des Teams bestand darin, den n\u00e4chsten Schritt f\u00fcr die Rechenzentrumsbranche zu schaffen und Edge-Rechenzentren auf den gr\u00fcnen Wandel auszurichten. <br \/>\u200d<br \/>Das Ziel von nLighten ist es, die f\u00fchrende paneurop\u00e4ische Edge-Rechenzentrumsplattform aufzubauen und zu betreiben.<\/p>\n\t\t\t\t\t\t\t\t<\/div>\n\t\t\t\t<\/div>\n\t\t\t\t\t<\/div>\n\t\t\t\t<\/div>\n\t\t\t\t<\/div>\n\t\t","protected":false},"excerpt":{"rendered":"<p>Pressemitteilungen nLighten erwirbt Gyro Center und tritt in den niederl\u00e4ndischen Markt ein Amsterdam, 23.11.2023 \u2014 nLighten, eine digitale Infrastrukturplattform von iSquared Capital, einem weltweit f\u00fchrenden Infrastrukturinvestor, hat GyroCenter (\u201eGyro\u201c), ein &#8230; <a title=\"nLighten erweitert Pr\u00e4senz in Europa mit dem Erwerb eines Rechenzentrums in Amsterdam\" class=\"read-more\" href=\"https:\/\/www.nlighten.com\/de\/presseveroeffentlichungen\/nlighten-erweitert-prasenz-in-europa-mit-dem-erwerb-eines-rechenzentrums-in-amsterdam\/\" aria-label=\"Mehr Informationen \u00fcber nLighten erweitert Pr\u00e4senz in Europa mit dem Erwerb eines Rechenzentrums in Amsterdam\">Weiterlesen<\/a><\/p>\n","protected":false},"author":2,"featured_media":0,"comment_status":"closed","ping_status":"closed","sticky":false,"template":"","format":"standard","meta":{"_acf_changed":false,"footnotes":""},"categories":[57],"tags":[],"class_list":["post-5485","post","type-post","status-publish","format-standard","hentry","category-press-release-de"],"acf":[],"yoast_head":"<!-- This site is optimized with the Yoast SEO plugin v27.4 - https:\/\/yoast.com\/product\/yoast-seo-wordpress\/ -->\n<title>nLighten erweitert Pr\u00e4senz in Europa mit dem Erwerb eines Rechenzentrums in Amsterdam - nLighten<\/title>\n<meta name=\"description\" content=\"nLighten erweitert seine Pr\u00e4senz in Europa durch die \u00dcbernahme von GYROCenter (\u201eGyro\u201c), einem Hochleistungs-Rechenzentrum in Amsterdam.\" \/>\n<meta name=\"robots\" content=\"index, follow, max-snippet:-1, max-image-preview:large, max-video-preview:-1\" \/>\n<link rel=\"canonical\" href=\"https:\/\/www.nlighten.com\/de\/presseveroeffentlichungen\/nlighten-erweitert-prasenz-in-europa-mit-dem-erwerb-eines-rechenzentrums-in-amsterdam\/\" \/>\n<meta property=\"og:locale\" content=\"de_DE\" \/>\n<meta property=\"og:type\" content=\"article\" \/>\n<meta property=\"og:title\" content=\"nLighten erweitert Pr\u00e4senz in Europa mit dem Erwerb eines Rechenzentrums in Amsterdam - nLighten\" \/>\n<meta property=\"og:description\" content=\"nLighten erweitert seine Pr\u00e4senz in Europa durch die \u00dcbernahme von GYROCenter (\u201eGyro\u201c), einem Hochleistungs-Rechenzentrum in Amsterdam.\" \/>\n<meta property=\"og:url\" content=\"https:\/\/www.nlighten.com\/de\/presseveroeffentlichungen\/nlighten-erweitert-prasenz-in-europa-mit-dem-erwerb-eines-rechenzentrums-in-amsterdam\/\" \/>\n<meta property=\"og:site_name\" content=\"nLighten\" \/>\n<meta property=\"article:published_time\" content=\"2024-05-13T20:14:07+00:00\" \/>\n<meta property=\"article:modified_time\" content=\"2025-10-08T14:58:20+00:00\" \/>\n<meta property=\"og:image\" content=\"https:\/\/www.nlighten.com\/wp-content\/uploads\/2024\/05\/6566fd5fbf3fb68164fa0cac_655e060aec35c2f3978a2d27_nlighten-edge-center-amsterdam.webp\" \/>\n<meta name=\"author\" content=\"BenW\" \/>\n<meta name=\"twitter:card\" content=\"summary_large_image\" \/>\n<meta name=\"twitter:label1\" content=\"Verfasst von\" \/>\n\t<meta name=\"twitter:data1\" content=\"BenW\" \/>\n\t<meta name=\"twitter:label2\" content=\"Gesch\u00e4tzte Lesezeit\" \/>\n\t<meta name=\"twitter:data2\" content=\"2\u00a0Minuten\" \/>\n<script type=\"application\/ld+json\" class=\"yoast-schema-graph\">{\"@context\":\"https:\\\/\\\/schema.org\",\"@graph\":[{\"@type\":\"Article\",\"@id\":\"https:\\\/\\\/www.nlighten.com\\\/de\\\/presseveroeffentlichungen\\\/nlighten-erweitert-prasenz-in-europa-mit-dem-erwerb-eines-rechenzentrums-in-amsterdam\\\/#article\",\"isPartOf\":{\"@id\":\"https:\\\/\\\/www.nlighten.com\\\/de\\\/presseveroeffentlichungen\\\/nlighten-erweitert-prasenz-in-europa-mit-dem-erwerb-eines-rechenzentrums-in-amsterdam\\\/\"},\"author\":{\"name\":\"BenW\",\"@id\":\"https:\\\/\\\/www.nlighten.com\\\/de\\\/#\\\/schema\\\/person\\\/92d493fd46804f4724a5eeee6cc2dc4c\"},\"headline\":\"nLighten erweitert Pr\u00e4senz in Europa mit dem Erwerb eines Rechenzentrums in Amsterdam\",\"datePublished\":\"2024-05-13T20:14:07+00:00\",\"dateModified\":\"2025-10-08T14:58:20+00:00\",\"mainEntityOfPage\":{\"@id\":\"https:\\\/\\\/www.nlighten.com\\\/de\\\/presseveroeffentlichungen\\\/nlighten-erweitert-prasenz-in-europa-mit-dem-erwerb-eines-rechenzentrums-in-amsterdam\\\/\"},\"wordCount\":418,\"publisher\":{\"@id\":\"https:\\\/\\\/www.nlighten.com\\\/de\\\/#organization\"},\"image\":{\"@id\":\"https:\\\/\\\/www.nlighten.com\\\/de\\\/presseveroeffentlichungen\\\/nlighten-erweitert-prasenz-in-europa-mit-dem-erwerb-eines-rechenzentrums-in-amsterdam\\\/#primaryimage\"},\"thumbnailUrl\":\"https:\\\/\\\/www.nlighten.com\\\/wp-content\\\/uploads\\\/2024\\\/05\\\/6566fd5fbf3fb68164fa0cac_655e060aec35c2f3978a2d27_nlighten-edge-center-amsterdam.webp\",\"articleSection\":[\"Press Release\"],\"inLanguage\":\"de\"},{\"@type\":\"WebPage\",\"@id\":\"https:\\\/\\\/www.nlighten.com\\\/de\\\/presseveroeffentlichungen\\\/nlighten-erweitert-prasenz-in-europa-mit-dem-erwerb-eines-rechenzentrums-in-amsterdam\\\/\",\"url\":\"https:\\\/\\\/www.nlighten.com\\\/de\\\/presseveroeffentlichungen\\\/nlighten-erweitert-prasenz-in-europa-mit-dem-erwerb-eines-rechenzentrums-in-amsterdam\\\/\",\"name\":\"nLighten erweitert Pr\u00e4senz in Europa mit dem Erwerb eines Rechenzentrums in Amsterdam - nLighten\",\"isPartOf\":{\"@id\":\"https:\\\/\\\/www.nlighten.com\\\/de\\\/#website\"},\"primaryImageOfPage\":{\"@id\":\"https:\\\/\\\/www.nlighten.com\\\/de\\\/presseveroeffentlichungen\\\/nlighten-erweitert-prasenz-in-europa-mit-dem-erwerb-eines-rechenzentrums-in-amsterdam\\\/#primaryimage\"},\"image\":{\"@id\":\"https:\\\/\\\/www.nlighten.com\\\/de\\\/presseveroeffentlichungen\\\/nlighten-erweitert-prasenz-in-europa-mit-dem-erwerb-eines-rechenzentrums-in-amsterdam\\\/#primaryimage\"},\"thumbnailUrl\":\"https:\\\/\\\/www.nlighten.com\\\/wp-content\\\/uploads\\\/2024\\\/05\\\/6566fd5fbf3fb68164fa0cac_655e060aec35c2f3978a2d27_nlighten-edge-center-amsterdam.webp\",\"datePublished\":\"2024-05-13T20:14:07+00:00\",\"dateModified\":\"2025-10-08T14:58:20+00:00\",\"description\":\"nLighten erweitert seine Pr\u00e4senz in Europa durch die \u00dcbernahme von GYROCenter (\u201eGyro\u201c), einem Hochleistungs-Rechenzentrum in Amsterdam.\",\"breadcrumb\":{\"@id\":\"https:\\\/\\\/www.nlighten.com\\\/de\\\/presseveroeffentlichungen\\\/nlighten-erweitert-prasenz-in-europa-mit-dem-erwerb-eines-rechenzentrums-in-amsterdam\\\/#breadcrumb\"},\"inLanguage\":\"de\",\"potentialAction\":[{\"@type\":\"ReadAction\",\"target\":[\"https:\\\/\\\/www.nlighten.com\\\/de\\\/presseveroeffentlichungen\\\/nlighten-erweitert-prasenz-in-europa-mit-dem-erwerb-eines-rechenzentrums-in-amsterdam\\\/\"]}]},{\"@type\":\"ImageObject\",\"inLanguage\":\"de\",\"@id\":\"https:\\\/\\\/www.nlighten.com\\\/de\\\/presseveroeffentlichungen\\\/nlighten-erweitert-prasenz-in-europa-mit-dem-erwerb-eines-rechenzentrums-in-amsterdam\\\/#primaryimage\",\"url\":\"https:\\\/\\\/www.nlighten.com\\\/wp-content\\\/uploads\\\/2024\\\/05\\\/6566fd5fbf3fb68164fa0cac_655e060aec35c2f3978a2d27_nlighten-edge-center-amsterdam.webp\",\"contentUrl\":\"https:\\\/\\\/www.nlighten.com\\\/wp-content\\\/uploads\\\/2024\\\/05\\\/6566fd5fbf3fb68164fa0cac_655e060aec35c2f3978a2d27_nlighten-edge-center-amsterdam.webp\"},{\"@type\":\"BreadcrumbList\",\"@id\":\"https:\\\/\\\/www.nlighten.com\\\/de\\\/presseveroeffentlichungen\\\/nlighten-erweitert-prasenz-in-europa-mit-dem-erwerb-eines-rechenzentrums-in-amsterdam\\\/#breadcrumb\",\"itemListElement\":[{\"@type\":\"ListItem\",\"position\":1,\"name\":\"Home\",\"item\":\"https:\\\/\\\/www.nlighten.com\\\/de\\\/\"},{\"@type\":\"ListItem\",\"position\":2,\"name\":\"nLighten erweitert Pr\u00e4senz in Europa mit dem Erwerb eines Rechenzentrums in Amsterdam\"}]},{\"@type\":\"WebSite\",\"@id\":\"https:\\\/\\\/www.nlighten.com\\\/de\\\/#website\",\"url\":\"https:\\\/\\\/www.nlighten.com\\\/de\\\/\",\"name\":\"nLighten\",\"description\":\"\",\"publisher\":{\"@id\":\"https:\\\/\\\/www.nlighten.com\\\/de\\\/#organization\"},\"potentialAction\":[{\"@type\":\"SearchAction\",\"target\":{\"@type\":\"EntryPoint\",\"urlTemplate\":\"https:\\\/\\\/www.nlighten.com\\\/de\\\/?s={search_term_string}\"},\"query-input\":{\"@type\":\"PropertyValueSpecification\",\"valueRequired\":true,\"valueName\":\"search_term_string\"}}],\"inLanguage\":\"de\"},{\"@type\":\"Organization\",\"@id\":\"https:\\\/\\\/www.nlighten.com\\\/de\\\/#organization\",\"name\":\"nLighten\",\"url\":\"https:\\\/\\\/www.nlighten.com\\\/de\\\/\",\"logo\":{\"@type\":\"ImageObject\",\"inLanguage\":\"de\",\"@id\":\"https:\\\/\\\/www.nlighten.com\\\/de\\\/#\\\/schema\\\/logo\\\/image\\\/\",\"url\":\"https:\\\/\\\/www.nlighten.com\\\/wp-content\\\/uploads\\\/2024\\\/05\\\/nlighten_logo_green_bg.png\",\"contentUrl\":\"https:\\\/\\\/www.nlighten.com\\\/wp-content\\\/uploads\\\/2024\\\/05\\\/nlighten_logo_green_bg.png\",\"width\":696,\"height\":696,\"caption\":\"nLighten\"},\"image\":{\"@id\":\"https:\\\/\\\/www.nlighten.com\\\/de\\\/#\\\/schema\\\/logo\\\/image\\\/\"},\"sameAs\":[\"https:\\\/\\\/www.linkedin.com\\\/company\\\/nlighten-datacenters\\\/\"]},{\"@type\":\"Person\",\"@id\":\"https:\\\/\\\/www.nlighten.com\\\/de\\\/#\\\/schema\\\/person\\\/92d493fd46804f4724a5eeee6cc2dc4c\",\"name\":\"BenW\",\"image\":{\"@type\":\"ImageObject\",\"inLanguage\":\"de\",\"@id\":\"https:\\\/\\\/secure.gravatar.com\\\/avatar\\\/1b6e12f31b92f49c2d071d54261b3803570b443b8226349fec0c1d7f4ef51e5f?s=96&d=mm&r=g\",\"url\":\"https:\\\/\\\/secure.gravatar.com\\\/avatar\\\/1b6e12f31b92f49c2d071d54261b3803570b443b8226349fec0c1d7f4ef51e5f?s=96&d=mm&r=g\",\"contentUrl\":\"https:\\\/\\\/secure.gravatar.com\\\/avatar\\\/1b6e12f31b92f49c2d071d54261b3803570b443b8226349fec0c1d7f4ef51e5f?s=96&d=mm&r=g\",\"caption\":\"BenW\"},\"url\":\"https:\\\/\\\/www.nlighten.com\\\/de\\\/author\\\/benw\\\/\"}]}<\/script>\n<!-- \/ Yoast SEO plugin. -->","yoast_head_json":{"title":"nLighten erweitert Pr\u00e4senz in Europa mit dem Erwerb eines Rechenzentrums in Amsterdam - nLighten","description":"nLighten erweitert seine Pr\u00e4senz in Europa durch die \u00dcbernahme von GYROCenter (\u201eGyro\u201c), einem Hochleistungs-Rechenzentrum in Amsterdam.","robots":{"index":"index","follow":"follow","max-snippet":"max-snippet:-1","max-image-preview":"max-image-preview:large","max-video-preview":"max-video-preview:-1"},"canonical":"https:\/\/www.nlighten.com\/de\/presseveroeffentlichungen\/nlighten-erweitert-prasenz-in-europa-mit-dem-erwerb-eines-rechenzentrums-in-amsterdam\/","og_locale":"de_DE","og_type":"article","og_title":"nLighten erweitert Pr\u00e4senz in Europa mit dem Erwerb eines Rechenzentrums in Amsterdam - nLighten","og_description":"nLighten erweitert seine Pr\u00e4senz in Europa durch die \u00dcbernahme von GYROCenter (\u201eGyro\u201c), einem Hochleistungs-Rechenzentrum in Amsterdam.","og_url":"https:\/\/www.nlighten.com\/de\/presseveroeffentlichungen\/nlighten-erweitert-prasenz-in-europa-mit-dem-erwerb-eines-rechenzentrums-in-amsterdam\/","og_site_name":"nLighten","article_published_time":"2024-05-13T20:14:07+00:00","article_modified_time":"2025-10-08T14:58:20+00:00","og_image":[{"url":"https:\/\/www.nlighten.com\/wp-content\/uploads\/2024\/05\/6566fd5fbf3fb68164fa0cac_655e060aec35c2f3978a2d27_nlighten-edge-center-amsterdam.webp","type":"","width":"","height":""}],"author":"BenW","twitter_card":"summary_large_image","twitter_misc":{"Verfasst von":"BenW","Gesch\u00e4tzte Lesezeit":"2\u00a0Minuten"},"schema":{"@context":"https:\/\/schema.org","@graph":[{"@type":"Article","@id":"https:\/\/www.nlighten.com\/de\/presseveroeffentlichungen\/nlighten-erweitert-prasenz-in-europa-mit-dem-erwerb-eines-rechenzentrums-in-amsterdam\/#article","isPartOf":{"@id":"https:\/\/www.nlighten.com\/de\/presseveroeffentlichungen\/nlighten-erweitert-prasenz-in-europa-mit-dem-erwerb-eines-rechenzentrums-in-amsterdam\/"},"author":{"name":"BenW","@id":"https:\/\/www.nlighten.com\/de\/#\/schema\/person\/92d493fd46804f4724a5eeee6cc2dc4c"},"headline":"nLighten erweitert Pr\u00e4senz in Europa mit dem Erwerb eines Rechenzentrums in Amsterdam","datePublished":"2024-05-13T20:14:07+00:00","dateModified":"2025-10-08T14:58:20+00:00","mainEntityOfPage":{"@id":"https:\/\/www.nlighten.com\/de\/presseveroeffentlichungen\/nlighten-erweitert-prasenz-in-europa-mit-dem-erwerb-eines-rechenzentrums-in-amsterdam\/"},"wordCount":418,"publisher":{"@id":"https:\/\/www.nlighten.com\/de\/#organization"},"image":{"@id":"https:\/\/www.nlighten.com\/de\/presseveroeffentlichungen\/nlighten-erweitert-prasenz-in-europa-mit-dem-erwerb-eines-rechenzentrums-in-amsterdam\/#primaryimage"},"thumbnailUrl":"https:\/\/www.nlighten.com\/wp-content\/uploads\/2024\/05\/6566fd5fbf3fb68164fa0cac_655e060aec35c2f3978a2d27_nlighten-edge-center-amsterdam.webp","articleSection":["Press Release"],"inLanguage":"de"},{"@type":"WebPage","@id":"https:\/\/www.nlighten.com\/de\/presseveroeffentlichungen\/nlighten-erweitert-prasenz-in-europa-mit-dem-erwerb-eines-rechenzentrums-in-amsterdam\/","url":"https:\/\/www.nlighten.com\/de\/presseveroeffentlichungen\/nlighten-erweitert-prasenz-in-europa-mit-dem-erwerb-eines-rechenzentrums-in-amsterdam\/","name":"nLighten erweitert Pr\u00e4senz in Europa mit dem Erwerb eines Rechenzentrums in Amsterdam - nLighten","isPartOf":{"@id":"https:\/\/www.nlighten.com\/de\/#website"},"primaryImageOfPage":{"@id":"https:\/\/www.nlighten.com\/de\/presseveroeffentlichungen\/nlighten-erweitert-prasenz-in-europa-mit-dem-erwerb-eines-rechenzentrums-in-amsterdam\/#primaryimage"},"image":{"@id":"https:\/\/www.nlighten.com\/de\/presseveroeffentlichungen\/nlighten-erweitert-prasenz-in-europa-mit-dem-erwerb-eines-rechenzentrums-in-amsterdam\/#primaryimage"},"thumbnailUrl":"https:\/\/www.nlighten.com\/wp-content\/uploads\/2024\/05\/6566fd5fbf3fb68164fa0cac_655e060aec35c2f3978a2d27_nlighten-edge-center-amsterdam.webp","datePublished":"2024-05-13T20:14:07+00:00","dateModified":"2025-10-08T14:58:20+00:00","description":"nLighten erweitert seine Pr\u00e4senz in Europa durch die \u00dcbernahme von GYROCenter (\u201eGyro\u201c), einem Hochleistungs-Rechenzentrum in Amsterdam.","breadcrumb":{"@id":"https:\/\/www.nlighten.com\/de\/presseveroeffentlichungen\/nlighten-erweitert-prasenz-in-europa-mit-dem-erwerb-eines-rechenzentrums-in-amsterdam\/#breadcrumb"},"inLanguage":"de","potentialAction":[{"@type":"ReadAction","target":["https:\/\/www.nlighten.com\/de\/presseveroeffentlichungen\/nlighten-erweitert-prasenz-in-europa-mit-dem-erwerb-eines-rechenzentrums-in-amsterdam\/"]}]},{"@type":"ImageObject","inLanguage":"de","@id":"https:\/\/www.nlighten.com\/de\/presseveroeffentlichungen\/nlighten-erweitert-prasenz-in-europa-mit-dem-erwerb-eines-rechenzentrums-in-amsterdam\/#primaryimage","url":"https:\/\/www.nlighten.com\/wp-content\/uploads\/2024\/05\/6566fd5fbf3fb68164fa0cac_655e060aec35c2f3978a2d27_nlighten-edge-center-amsterdam.webp","contentUrl":"https:\/\/www.nlighten.com\/wp-content\/uploads\/2024\/05\/6566fd5fbf3fb68164fa0cac_655e060aec35c2f3978a2d27_nlighten-edge-center-amsterdam.webp"},{"@type":"BreadcrumbList","@id":"https:\/\/www.nlighten.com\/de\/presseveroeffentlichungen\/nlighten-erweitert-prasenz-in-europa-mit-dem-erwerb-eines-rechenzentrums-in-amsterdam\/#breadcrumb","itemListElement":[{"@type":"ListItem","position":1,"name":"Home","item":"https:\/\/www.nlighten.com\/de\/"},{"@type":"ListItem","position":2,"name":"nLighten erweitert Pr\u00e4senz in Europa mit dem Erwerb eines Rechenzentrums in Amsterdam"}]},{"@type":"WebSite","@id":"https:\/\/www.nlighten.com\/de\/#website","url":"https:\/\/www.nlighten.com\/de\/","name":"nLighten","description":"","publisher":{"@id":"https:\/\/www.nlighten.com\/de\/#organization"},"potentialAction":[{"@type":"SearchAction","target":{"@type":"EntryPoint","urlTemplate":"https:\/\/www.nlighten.com\/de\/?s={search_term_string}"},"query-input":{"@type":"PropertyValueSpecification","valueRequired":true,"valueName":"search_term_string"}}],"inLanguage":"de"},{"@type":"Organization","@id":"https:\/\/www.nlighten.com\/de\/#organization","name":"nLighten","url":"https:\/\/www.nlighten.com\/de\/","logo":{"@type":"ImageObject","inLanguage":"de","@id":"https:\/\/www.nlighten.com\/de\/#\/schema\/logo\/image\/","url":"https:\/\/www.nlighten.com\/wp-content\/uploads\/2024\/05\/nlighten_logo_green_bg.png","contentUrl":"https:\/\/www.nlighten.com\/wp-content\/uploads\/2024\/05\/nlighten_logo_green_bg.png","width":696,"height":696,"caption":"nLighten"},"image":{"@id":"https:\/\/www.nlighten.com\/de\/#\/schema\/logo\/image\/"},"sameAs":["https:\/\/www.linkedin.com\/company\/nlighten-datacenters\/"]},{"@type":"Person","@id":"https:\/\/www.nlighten.com\/de\/#\/schema\/person\/92d493fd46804f4724a5eeee6cc2dc4c","name":"BenW","image":{"@type":"ImageObject","inLanguage":"de","@id":"https:\/\/secure.gravatar.com\/avatar\/1b6e12f31b92f49c2d071d54261b3803570b443b8226349fec0c1d7f4ef51e5f?s=96&d=mm&r=g","url":"https:\/\/secure.gravatar.com\/avatar\/1b6e12f31b92f49c2d071d54261b3803570b443b8226349fec0c1d7f4ef51e5f?s=96&d=mm&r=g","contentUrl":"https:\/\/secure.gravatar.com\/avatar\/1b6e12f31b92f49c2d071d54261b3803570b443b8226349fec0c1d7f4ef51e5f?s=96&d=mm&r=g","caption":"BenW"},"url":"https:\/\/www.nlighten.com\/de\/author\/benw\/"}]}},"publishpress_future_workflow_manual_trigger":{"enabledWorkflows":[]},"_links":{"self":[{"href":"https:\/\/www.nlighten.com\/de\/wp-json\/wp\/v2\/posts\/5485","targetHints":{"allow":["GET"]}}],"collection":[{"href":"https:\/\/www.nlighten.com\/de\/wp-json\/wp\/v2\/posts"}],"about":[{"href":"https:\/\/www.nlighten.com\/de\/wp-json\/wp\/v2\/types\/post"}],"author":[{"embeddable":true,"href":"https:\/\/www.nlighten.com\/de\/wp-json\/wp\/v2\/users\/2"}],"replies":[{"embeddable":true,"href":"https:\/\/www.nlighten.com\/de\/wp-json\/wp\/v2\/comments?post=5485"}],"version-history":[{"count":0,"href":"https:\/\/www.nlighten.com\/de\/wp-json\/wp\/v2\/posts\/5485\/revisions"}],"wp:attachment":[{"href":"https:\/\/www.nlighten.com\/de\/wp-json\/wp\/v2\/media?parent=5485"}],"wp:term":[{"taxonomy":"category","embeddable":true,"href":"https:\/\/www.nlighten.com\/de\/wp-json\/wp\/v2\/categories?post=5485"},{"taxonomy":"post_tag","embeddable":true,"href":"https:\/\/www.nlighten.com\/de\/wp-json\/wp\/v2\/tags?post=5485"}],"curies":[{"name":"wp","href":"https:\/\/api.w.org\/{rel}","templated":true}]}}