{"id":20411,"date":"2025-10-20T15:38:16","date_gmt":"2025-10-20T15:38:16","guid":{"rendered":"https:\/\/www.nlighten.com\/?post_type=blog&#038;p=20411"},"modified":"2025-10-20T15:39:23","modified_gmt":"2025-10-20T15:39:23","slug":"im-gespraech-mit-andreas-herden-warum-ki-inferenz-den-edge-braucht","status":"publish","type":"blog","link":"https:\/\/www.nlighten.com\/de\/blog\/im-gespraech-mit-andreas-herden-warum-ki-inferenz-den-edge-braucht\/","title":{"rendered":"Im Gespr\u00e4ch mit Andreas Herden: Warum KI-Inferenz den Edge braucht"},"content":{"rendered":"\n<p>Im Juli kam Andreas Herden als Managing Director Germany zu nLighten und brachte jahrzehntelange Erfahrung in der Rechenzentrumsbranche mit. Angesichts der rasanten Entwicklung der KI-Landschaft konzentriert sich Andreas darauf, die regionale Edge-Plattform von nLighten zu st\u00e4rken, um den Anforderungen von KI-Inferenz, Nachhaltigkeit und Datenhoheit gerecht zu werden. <\/p>\n\n<p>Wir haben uns mit Andreas zusammengesetzt, um zu er\u00f6rtern, warum Edge f\u00fcr KI-f\u00e4hige Infrastrukturen nicht mehr optional, sondern unverzichtbar ist.<\/p>\n\n<hr class=\"wp-block-separator has-text-color has-alpha-channel-opacity has-background\" style=\"background-color:#003314;color:#003314\"\/>\n\n<p><\/p>\n\n<p><strong>Sie sind zu einem spannenden Zeitpunkt f\u00fcr das Unternehmen und die Branche zu nLighten gekommen. Was besch\u00e4ftigt Sie derzeit am meisten? <\/strong><\/p>\n\n<p><strong>Andreas Herden:<\/strong> Absolut \u2013 es ist ein entscheidender Moment. KI ver\u00e4ndert jeden Aspekt der digitalen Infrastruktur, und f\u00fcr mich liegt der unmittelbare Fokus darauf, wie KI-Inferenz die Erwartungen und Anforderungen an Rechenzentren ver\u00e4ndert. Das Training von KI-Modellen wird aufgrund des enormen Rechenbedarfs und des Zugangs zu reichlich vorhandener Energie wahrscheinlich in Hyperscale-Umgebungen bleiben. Aber die Inferenz \u2013 die Phase, in der KI-Modelle tats\u00e4chlich mit der realen Welt interagieren \u2013 erfordert etwas v\u00f6llig anderes: N\u00e4he, Zuverl\u00e4ssigkeit und Compliance.   <\/p>\n\n<p>Wir bei nLighten betrachten diesen Wandel nicht nur als Trend, sondern als grundlegende Ver\u00e4nderung in der Art und Weise, wie digitale Infrastruktur aufgebaut und betrieben werden muss. Wir positionieren uns, um diesen Bedarf zu decken, indem wir ein dichtes, regional verteiltes Netzwerk von Edge-Rechenzentren in ganz Europa aufbauen.  <\/p>\n\n<hr class=\"wp-block-separator has-text-color has-alpha-channel-opacity has-background\" style=\"background-color:#003314;color:#003314\"\/>\n\n<p><\/p>\n\n<p><strong>Was macht Edge-Rechenzentren f\u00fcr die KI-Inferenz so wichtig?<\/strong><\/p>\n\n<p><strong>Andreas Herden:<\/strong> Inferenz-Workloads sind latenzempfindlich und m\u00fcssen oft nahezu in Echtzeit erfolgen. Ob es sich um autonome Fahrzeuge handelt, die Entscheidungen in Sekundenbruchteilen treffen, oder um Industriemaschinen, die sich in einer Fabrik an neue Eingaben anpassen \u2013 je n\u00e4her die Verarbeitung an der Datenquelle erfolgt, desto besser. <\/p>\n\n<p>Hinzu kommt die zunehmende Bedeutung der Datenhoheit. Vorschriften wie die DSGVO und branchenspezifische Regeln machen deutlich, dass viele Unternehmen sensible Daten nicht zur Verarbeitung ins Ausland senden d\u00fcrfen. Durch die lokale Verarbeitung von Daten verbessern Edge-Rechenzentren nicht nur die Leistung, sondern stellen auch sicher, dass Unternehmen nationale und regionale Vorschriften einhalten.  <\/p>\n\n<p>Der Edge bietet also drei wesentliche Vorteile: geringere Latenz, h\u00f6here Verf\u00fcgbarkeit und bessere Einhaltung gesetzlicher Vorschriften. Dabei handelt es sich nicht um technische Pr\u00e4ferenzen, sondern um strategische Notwendigkeiten. <\/p>\n\n<hr class=\"wp-block-separator has-text-color has-alpha-channel-opacity has-background\" style=\"background-color:#003314;color:#003314\"\/>\n\n<p><\/p>\n\n<p><strong>Was bedeutet das f\u00fcr Unternehmenskunden in Deutschland und Europa?<\/strong><\/p>\n\n<p><strong>Andreas Herden:<\/strong> Es bedeutet, dass sie ihre Infrastrukturstrategien weiterentwickeln m\u00fcssen. Traditionell waren viele Unternehmen mit zentralisierten Rechenzentren an wenigen wichtigen Standorten zufrieden. Mit dem Aufkommen von KI, IoT und Echtzeitanalysen reicht das jedoch nicht mehr aus.  <\/p>\n\n<p>Bei nLighten verfolgen wir einen hyperlokalen Ansatz. Unser Ziel ist es, jede wichtige Industrieregion innerhalb einer Autostunde zu erreichen. Das bedeutet, dass wir nicht nur einen Zugang mit geringer Latenz bieten, sondern auch engere operative Beziehungen und Support f\u00fcr unsere Kunden erm\u00f6glichen.  <\/p>\n\n<p>Dies ist besonders wichtig in Deutschland, wo viele unserer Kunden in hochspezialisierten, regulierten Branchen t\u00e4tig sind. Sie brauchen Infrastrukturpartner, die nicht nur die technischen Anforderungen verstehen, sondern auch den lokalen Kontext kennen. Genau das bieten wir.  <\/p>\n\n<hr class=\"wp-block-separator has-text-color has-alpha-channel-opacity has-background\" style=\"background-color:#003314;color:#003314\"\/>\n\n<p><\/p>\n\n<p><strong>Wie bringt nLighten diese regionale Strategie mit Nachhaltigkeit in Einklang?<\/strong><\/p>\n\n<p><strong>Andreas Herden:<\/strong> Nachhaltigkeit ist ein zentraler Pfeiler unseres Ansatzes \u2013 und die regionale Infrastruktur ist dabei ein wichtiger Faktor. Kleinere, verteilte Standorte erm\u00f6glichen uns eine engere Integration in lokale Gemeinschaften und Energiesysteme. <\/p>\n\n<p>Nehmen Sie zum Beispiel unser Rechenzentrum in Eschborn. Wir leiten \u00fcbersch\u00fcssige W\u00e4rme aus dem Rechenzentrum in ein nahe gelegenes Schwimmbad und schaffen so einen Energiekreislauf, von dem die Gemeinde profitiert. Eine solche L\u00f6sung ist nicht nur ein nettes Extra, sondern ein Indikator daf\u00fcr, wie die Zukunft der Infrastruktur aussehen sollte: effizient, eingebettet und f\u00fcr alle von Vorteil.  <\/p>\n\n<p>Auch aus baulicher Sicht verfolgen wir eine hybride Strategie. Wir modernisieren bestehende Geb\u00e4ude, wo es sinnvoll ist, bauen neue Standorte, wo es n\u00f6tig ist, und verwenden vorgefertigte modulare Designs, um die Bereitstellung zu beschleunigen. Das gibt uns Flexibilit\u00e4t und Skalierbarkeit, ohne dass wir dabei auf Nachhaltigkeit oder Ausfallsicherheit verzichten m\u00fcssen.  <\/p>\n\n<hr class=\"wp-block-separator has-text-color has-alpha-channel-opacity has-background\" style=\"background-color:#003314;color:#003314\"\/>\n\n<p><\/p>\n\n<p><strong>Was ist also das Fazit \u2013 warum sollten sich Unternehmen gerade jetzt f\u00fcr Edge-Rechenzentren interessieren?<\/strong><\/p>\n\n<p><strong>Andreas Herden: <\/strong>Weil dies kein Nebenthema mehr ist. Wenn Sie ernsthaft daran interessiert sind, KI einzusetzen, das Kundenerlebnis zu verbessern und in einem sich schnell ver\u00e4ndernden regulatorischen Umfeld konform zu bleiben, m\u00fcssen Sie Daten n\u00e4her an ihrem Entstehungsort verarbeiten. <\/p>\n\n<p>Edge-Rechenzentren sind die infrastrukturelle Grundlage f\u00fcr all das. Bei nLighten betreiben wir bereits 34 Standorte in sieben L\u00e4ndern, davon allein 10 in Deutschland. Damit sind wir schon heute bereit, Unternehmen zu unterst\u00fctzen, die auch morgen vorne sein wollen.  <\/p>\n\n<p>Edge ist kein Add-on. Es ist die Grundlage f\u00fcr die n\u00e4chste Welle der digitalen Transformation. <\/p>\n","protected":false},"excerpt":{"rendered":"<p>Im Juli kam Andreas Herden als Managing Director Germany zu nLighten und brachte jahrzehntelange Erfahrung in der Rechenzentrumsbranche mit. Angesichts der rasanten Entwicklung der KI-Landschaft konzentriert sich Andreas darauf, die regionale Edge-Plattform von nLighten zu st\u00e4rken, um den Anforderungen von KI-Inferenz, Nachhaltigkeit und Datenhoheit gerecht zu werden.<\/p>\n","protected":false},"author":27,"featured_media":21110,"template":"","categories":[],"tags":[],"class_list":["post-20411","blog","type-blog","status-publish","has-post-thumbnail","hentry"],"acf":[],"yoast_head":"<!-- This site is optimized with the Yoast SEO plugin v27.4 - https:\/\/yoast.com\/product\/yoast-seo-wordpress\/ -->\n<title>Im Gespr\u00e4ch mit Andreas Herden: Warum KI-Inferenz den Edge braucht - nLighten<\/title>\n<meta name=\"robots\" content=\"index, follow, max-snippet:-1, max-image-preview:large, max-video-preview:-1\" \/>\n<link rel=\"canonical\" href=\"https:\/\/www.nlighten.com\/de\/blog\/im-gespraech-mit-andreas-herden-warum-ki-inferenz-den-edge-braucht\/\" \/>\n<meta property=\"og:locale\" content=\"de_DE\" \/>\n<meta property=\"og:type\" content=\"article\" \/>\n<meta property=\"og:title\" content=\"Im Gespr\u00e4ch mit Andreas Herden: Warum KI-Inferenz den Edge braucht - nLighten\" \/>\n<meta property=\"og:description\" content=\"Im Juli kam Andreas Herden als Managing Director Germany zu nLighten und brachte jahrzehntelange Erfahrung in der Rechenzentrumsbranche mit. Angesichts der rasanten Entwicklung der KI-Landschaft konzentriert sich Andreas darauf, die regionale Edge-Plattform von nLighten zu st\u00e4rken, um den Anforderungen von KI-Inferenz, Nachhaltigkeit und Datenhoheit gerecht zu werden.\" \/>\n<meta property=\"og:url\" content=\"https:\/\/www.nlighten.com\/de\/blog\/im-gespraech-mit-andreas-herden-warum-ki-inferenz-den-edge-braucht\/\" \/>\n<meta property=\"og:site_name\" content=\"nLighten\" \/>\n<meta property=\"article:modified_time\" content=\"2025-10-20T15:39:23+00:00\" \/>\n<meta property=\"og:image\" content=\"https:\/\/www.nlighten.com\/wp-content\/uploads\/2025\/10\/ai-qa-blog-1.png\" \/>\n\t<meta property=\"og:image:width\" content=\"755\" \/>\n\t<meta property=\"og:image:height\" content=\"425\" \/>\n\t<meta property=\"og:image:type\" content=\"image\/png\" \/>\n<meta name=\"twitter:card\" content=\"summary_large_image\" \/>\n<meta name=\"twitter:label1\" content=\"Gesch\u00e4tzte Lesezeit\" \/>\n\t<meta name=\"twitter:data1\" content=\"4\u00a0Minuten\" \/>\n<script type=\"application\/ld+json\" class=\"yoast-schema-graph\">{\"@context\":\"https:\\\/\\\/schema.org\",\"@graph\":[{\"@type\":\"WebPage\",\"@id\":\"https:\\\/\\\/www.nlighten.com\\\/de\\\/blog\\\/im-gespraech-mit-andreas-herden-warum-ki-inferenz-den-edge-braucht\\\/\",\"url\":\"https:\\\/\\\/www.nlighten.com\\\/de\\\/blog\\\/im-gespraech-mit-andreas-herden-warum-ki-inferenz-den-edge-braucht\\\/\",\"name\":\"Im Gespr\u00e4ch mit Andreas Herden: Warum KI-Inferenz den Edge braucht - nLighten\",\"isPartOf\":{\"@id\":\"https:\\\/\\\/www.nlighten.com\\\/de\\\/#website\"},\"primaryImageOfPage\":{\"@id\":\"https:\\\/\\\/www.nlighten.com\\\/de\\\/blog\\\/im-gespraech-mit-andreas-herden-warum-ki-inferenz-den-edge-braucht\\\/#primaryimage\"},\"image\":{\"@id\":\"https:\\\/\\\/www.nlighten.com\\\/de\\\/blog\\\/im-gespraech-mit-andreas-herden-warum-ki-inferenz-den-edge-braucht\\\/#primaryimage\"},\"thumbnailUrl\":\"https:\\\/\\\/www.nlighten.com\\\/wp-content\\\/uploads\\\/2025\\\/10\\\/AdobeStock_909788056_edit-scaled.png\",\"datePublished\":\"2025-10-20T15:38:16+00:00\",\"dateModified\":\"2025-10-20T15:39:23+00:00\",\"breadcrumb\":{\"@id\":\"https:\\\/\\\/www.nlighten.com\\\/de\\\/blog\\\/im-gespraech-mit-andreas-herden-warum-ki-inferenz-den-edge-braucht\\\/#breadcrumb\"},\"inLanguage\":\"de\",\"potentialAction\":[{\"@type\":\"ReadAction\",\"target\":[\"https:\\\/\\\/www.nlighten.com\\\/de\\\/blog\\\/im-gespraech-mit-andreas-herden-warum-ki-inferenz-den-edge-braucht\\\/\"]}]},{\"@type\":\"ImageObject\",\"inLanguage\":\"de\",\"@id\":\"https:\\\/\\\/www.nlighten.com\\\/de\\\/blog\\\/im-gespraech-mit-andreas-herden-warum-ki-inferenz-den-edge-braucht\\\/#primaryimage\",\"url\":\"https:\\\/\\\/www.nlighten.com\\\/wp-content\\\/uploads\\\/2025\\\/10\\\/AdobeStock_909788056_edit-scaled.png\",\"contentUrl\":\"https:\\\/\\\/www.nlighten.com\\\/wp-content\\\/uploads\\\/2025\\\/10\\\/AdobeStock_909788056_edit-scaled.png\",\"width\":2560,\"height\":1435},{\"@type\":\"BreadcrumbList\",\"@id\":\"https:\\\/\\\/www.nlighten.com\\\/de\\\/blog\\\/im-gespraech-mit-andreas-herden-warum-ki-inferenz-den-edge-braucht\\\/#breadcrumb\",\"itemListElement\":[{\"@type\":\"ListItem\",\"position\":1,\"name\":\"Home\",\"item\":\"https:\\\/\\\/www.nlighten.com\\\/de\\\/\"},{\"@type\":\"ListItem\",\"position\":2,\"name\":\"Im Gespr\u00e4ch mit Andreas Herden: Warum KI-Inferenz den Edge braucht\"}]},{\"@type\":\"WebSite\",\"@id\":\"https:\\\/\\\/www.nlighten.com\\\/de\\\/#website\",\"url\":\"https:\\\/\\\/www.nlighten.com\\\/de\\\/\",\"name\":\"nLighten\",\"description\":\"\",\"publisher\":{\"@id\":\"https:\\\/\\\/www.nlighten.com\\\/de\\\/#organization\"},\"potentialAction\":[{\"@type\":\"SearchAction\",\"target\":{\"@type\":\"EntryPoint\",\"urlTemplate\":\"https:\\\/\\\/www.nlighten.com\\\/de\\\/?s={search_term_string}\"},\"query-input\":{\"@type\":\"PropertyValueSpecification\",\"valueRequired\":true,\"valueName\":\"search_term_string\"}}],\"inLanguage\":\"de\"},{\"@type\":\"Organization\",\"@id\":\"https:\\\/\\\/www.nlighten.com\\\/de\\\/#organization\",\"name\":\"nLighten\",\"url\":\"https:\\\/\\\/www.nlighten.com\\\/de\\\/\",\"logo\":{\"@type\":\"ImageObject\",\"inLanguage\":\"de\",\"@id\":\"https:\\\/\\\/www.nlighten.com\\\/de\\\/#\\\/schema\\\/logo\\\/image\\\/\",\"url\":\"https:\\\/\\\/www.nlighten.com\\\/wp-content\\\/uploads\\\/2024\\\/05\\\/nlighten_logo_green_bg.png\",\"contentUrl\":\"https:\\\/\\\/www.nlighten.com\\\/wp-content\\\/uploads\\\/2024\\\/05\\\/nlighten_logo_green_bg.png\",\"width\":696,\"height\":696,\"caption\":\"nLighten\"},\"image\":{\"@id\":\"https:\\\/\\\/www.nlighten.com\\\/de\\\/#\\\/schema\\\/logo\\\/image\\\/\"},\"sameAs\":[\"https:\\\/\\\/www.linkedin.com\\\/company\\\/nlighten-datacenters\\\/\"]}]}<\/script>\n<!-- \/ Yoast SEO plugin. -->","yoast_head_json":{"title":"Im Gespr\u00e4ch mit Andreas Herden: Warum KI-Inferenz den Edge braucht - nLighten","robots":{"index":"index","follow":"follow","max-snippet":"max-snippet:-1","max-image-preview":"max-image-preview:large","max-video-preview":"max-video-preview:-1"},"canonical":"https:\/\/www.nlighten.com\/de\/blog\/im-gespraech-mit-andreas-herden-warum-ki-inferenz-den-edge-braucht\/","og_locale":"de_DE","og_type":"article","og_title":"Im Gespr\u00e4ch mit Andreas Herden: Warum KI-Inferenz den Edge braucht - nLighten","og_description":"Im Juli kam Andreas Herden als Managing Director Germany zu nLighten und brachte jahrzehntelange Erfahrung in der Rechenzentrumsbranche mit. Angesichts der rasanten Entwicklung der KI-Landschaft konzentriert sich Andreas darauf, die regionale Edge-Plattform von nLighten zu st\u00e4rken, um den Anforderungen von KI-Inferenz, Nachhaltigkeit und Datenhoheit gerecht zu werden.","og_url":"https:\/\/www.nlighten.com\/de\/blog\/im-gespraech-mit-andreas-herden-warum-ki-inferenz-den-edge-braucht\/","og_site_name":"nLighten","article_modified_time":"2025-10-20T15:39:23+00:00","og_image":[{"width":755,"height":425,"url":"https:\/\/www.nlighten.com\/wp-content\/uploads\/2025\/10\/ai-qa-blog-1.png","type":"image\/png"}],"twitter_card":"summary_large_image","twitter_misc":{"Gesch\u00e4tzte Lesezeit":"4\u00a0Minuten"},"schema":{"@context":"https:\/\/schema.org","@graph":[{"@type":"WebPage","@id":"https:\/\/www.nlighten.com\/de\/blog\/im-gespraech-mit-andreas-herden-warum-ki-inferenz-den-edge-braucht\/","url":"https:\/\/www.nlighten.com\/de\/blog\/im-gespraech-mit-andreas-herden-warum-ki-inferenz-den-edge-braucht\/","name":"Im Gespr\u00e4ch mit Andreas Herden: Warum KI-Inferenz den Edge braucht - nLighten","isPartOf":{"@id":"https:\/\/www.nlighten.com\/de\/#website"},"primaryImageOfPage":{"@id":"https:\/\/www.nlighten.com\/de\/blog\/im-gespraech-mit-andreas-herden-warum-ki-inferenz-den-edge-braucht\/#primaryimage"},"image":{"@id":"https:\/\/www.nlighten.com\/de\/blog\/im-gespraech-mit-andreas-herden-warum-ki-inferenz-den-edge-braucht\/#primaryimage"},"thumbnailUrl":"https:\/\/www.nlighten.com\/wp-content\/uploads\/2025\/10\/AdobeStock_909788056_edit-scaled.png","datePublished":"2025-10-20T15:38:16+00:00","dateModified":"2025-10-20T15:39:23+00:00","breadcrumb":{"@id":"https:\/\/www.nlighten.com\/de\/blog\/im-gespraech-mit-andreas-herden-warum-ki-inferenz-den-edge-braucht\/#breadcrumb"},"inLanguage":"de","potentialAction":[{"@type":"ReadAction","target":["https:\/\/www.nlighten.com\/de\/blog\/im-gespraech-mit-andreas-herden-warum-ki-inferenz-den-edge-braucht\/"]}]},{"@type":"ImageObject","inLanguage":"de","@id":"https:\/\/www.nlighten.com\/de\/blog\/im-gespraech-mit-andreas-herden-warum-ki-inferenz-den-edge-braucht\/#primaryimage","url":"https:\/\/www.nlighten.com\/wp-content\/uploads\/2025\/10\/AdobeStock_909788056_edit-scaled.png","contentUrl":"https:\/\/www.nlighten.com\/wp-content\/uploads\/2025\/10\/AdobeStock_909788056_edit-scaled.png","width":2560,"height":1435},{"@type":"BreadcrumbList","@id":"https:\/\/www.nlighten.com\/de\/blog\/im-gespraech-mit-andreas-herden-warum-ki-inferenz-den-edge-braucht\/#breadcrumb","itemListElement":[{"@type":"ListItem","position":1,"name":"Home","item":"https:\/\/www.nlighten.com\/de\/"},{"@type":"ListItem","position":2,"name":"Im Gespr\u00e4ch mit Andreas Herden: Warum KI-Inferenz den Edge braucht"}]},{"@type":"WebSite","@id":"https:\/\/www.nlighten.com\/de\/#website","url":"https:\/\/www.nlighten.com\/de\/","name":"nLighten","description":"","publisher":{"@id":"https:\/\/www.nlighten.com\/de\/#organization"},"potentialAction":[{"@type":"SearchAction","target":{"@type":"EntryPoint","urlTemplate":"https:\/\/www.nlighten.com\/de\/?s={search_term_string}"},"query-input":{"@type":"PropertyValueSpecification","valueRequired":true,"valueName":"search_term_string"}}],"inLanguage":"de"},{"@type":"Organization","@id":"https:\/\/www.nlighten.com\/de\/#organization","name":"nLighten","url":"https:\/\/www.nlighten.com\/de\/","logo":{"@type":"ImageObject","inLanguage":"de","@id":"https:\/\/www.nlighten.com\/de\/#\/schema\/logo\/image\/","url":"https:\/\/www.nlighten.com\/wp-content\/uploads\/2024\/05\/nlighten_logo_green_bg.png","contentUrl":"https:\/\/www.nlighten.com\/wp-content\/uploads\/2024\/05\/nlighten_logo_green_bg.png","width":696,"height":696,"caption":"nLighten"},"image":{"@id":"https:\/\/www.nlighten.com\/de\/#\/schema\/logo\/image\/"},"sameAs":["https:\/\/www.linkedin.com\/company\/nlighten-datacenters\/"]}]}},"publishpress_future_workflow_manual_trigger":{"enabledWorkflows":[]},"_links":{"self":[{"href":"https:\/\/www.nlighten.com\/de\/wp-json\/wp\/v2\/blog\/20411","targetHints":{"allow":["GET"]}}],"collection":[{"href":"https:\/\/www.nlighten.com\/de\/wp-json\/wp\/v2\/blog"}],"about":[{"href":"https:\/\/www.nlighten.com\/de\/wp-json\/wp\/v2\/types\/blog"}],"author":[{"embeddable":true,"href":"https:\/\/www.nlighten.com\/de\/wp-json\/wp\/v2\/users\/27"}],"wp:featuredmedia":[{"embeddable":true,"href":"https:\/\/www.nlighten.com\/de\/wp-json\/wp\/v2\/media\/21110"}],"wp:attachment":[{"href":"https:\/\/www.nlighten.com\/de\/wp-json\/wp\/v2\/media?parent=20411"}],"wp:term":[{"taxonomy":"category","embeddable":true,"href":"https:\/\/www.nlighten.com\/de\/wp-json\/wp\/v2\/categories?post=20411"},{"taxonomy":"post_tag","embeddable":true,"href":"https:\/\/www.nlighten.com\/de\/wp-json\/wp\/v2\/tags?post=20411"}],"curies":[{"name":"wp","href":"https:\/\/api.w.org\/{rel}","templated":true}]}}